{"id":15494,"date":"2023-09-01T12:22:12","date_gmt":"2023-09-01T10:22:12","guid":{"rendered":"https:\/\/indeks.mk\/?p=15494"},"modified":"2023-09-01T12:22:12","modified_gmt":"2023-09-01T10:22:12","slug":"ali-ahmeti-dhe-ministrat-e-bdi-se-neser-qendrojne-per-vizite-ne-kosove","status":"publish","type":"post","link":"https:\/\/indeks.bilten.mk\/?p=15494","title":{"rendered":"Ali Ahmeti dhe ministrat e BDI-s\u00eb, nes\u00ebr q\u00ebndrojn\u00eb p\u00ebr vizit\u00eb n\u00eb Kosov\u00eb"},"content":{"rendered":"<p>Kryetari i Bashkimit Demokratik p\u00ebr Integrim, Ali Ahmeti i shoq\u00ebruar me nj\u00eb ekip t\u00eb tij, nes\u00ebr shkon p\u00ebr vizit\u00eb n\u00eb Kosov\u00eb.<\/p>\n<p>N\u00eb njoftimin d\u00ebrguar mediave b\u00ebhet e ditur se Ali Ahmeti nes\u00ebr do t\u00eb vizitoj\u00eb Gjakov\u00ebn.<\/p>\n<p>\u201cJu njoftojm\u00eb se Lideri i Bashkimit Demokratik p\u00ebr Integrim, Ali Ahmeti, i shoq\u00ebruar mga Kryetari i Kuvendit, Talat Xhaferi, Z\u00ebvend\u00ebs Kryeministri i par\u00eb, Artan Grubi, Ministri i Financave, Fatmir Besimi, Ministri i Ekonomis\u00eb, Kreshnik Bekteshi, Ministri i Arsimit dhe Shkenc\u00ebs, Jeton Shaqiri, Ministri i Jasht\u00ebm, Bujar Osmani, dhe shefi i grupit parlamentar, Arb\u00ebr Ademi, dit\u00ebn e shtun\u00eb, me 2 shtator 2023, me fillim n\u00eb ora 13:00, do t\u00eb vizitojn\u00eb kapacitet prodhuese t\u00eb fabrik\u00ebs Comodita n\u00eb Gjakov\u00eb t\u00eb Republik\u00ebs s\u00eb Kosov\u00ebs\u201d, thuhet n\u00eb njoftimin d\u00ebrguar mediave.<\/p>\n","protected":false},"excerpt":{"rendered":"<p>Kryetari i Bashkimit Demokratik p\u00ebr Integrim, Ali Ahmeti i shoq\u00ebruar me nj\u00eb ekip t\u00eb tij, nes\u00ebr shkon p\u00ebr vizit\u00eb n\u00eb Kosov\u00eb. N\u00eb njoftimin d\u00ebrguar mediave<\/p>\n","protected":false},"author":14,"featured_media":15495,"comment_status":"open","ping_status":"open","sticky":false,"template":"","format":"standard","meta":{"footnotes":""},"categories":[44],"tags":[],"class_list":["post-15494","post","type-post","status-publish","format-standard","has-post-thumbnail","hentry","category-maqedoni"],"_links":{"self":[{"href":"https:\/\/indeks.bilten.mk\/index.php?rest_route=\/wp\/v2\/posts\/15494","targetHints":{"allow":["GET"]}}],"collection":[{"href":"https:\/\/indeks.bilten.mk\/index.php?rest_route=\/wp\/v2\/posts"}],"about":[{"href":"https:\/\/indeks.bilten.mk\/index.php?rest_route=\/wp\/v2\/types\/post"}],"author":[{"embeddable":true,"href":"https:\/\/indeks.bilten.mk\/index.php?rest_route=\/wp\/v2\/users\/14"}],"replies":[{"embeddable":true,"href":"https:\/\/indeks.bilten.mk\/index.php?rest_route=%2Fwp%2Fv2%2Fcomments&post=15494"}],"version-history":[{"count":0,"href":"https:\/\/indeks.bilten.mk\/index.php?rest_route=\/wp\/v2\/posts\/15494\/revisions"}],"wp:featuredmedia":[{"embeddable":true,"href":"https:\/\/indeks.bilten.mk\/index.php?rest_route=\/wp\/v2\/media\/15495"}],"wp:attachment":[{"href":"https:\/\/indeks.bilten.mk\/index.php?rest_route=%2Fwp%2Fv2%2Fmedia&parent=15494"}],"wp:term":[{"taxonomy":"category","embeddable":true,"href":"https:\/\/indeks.bilten.mk\/index.php?rest_route=%2Fwp%2Fv2%2Fcategories&post=15494"},{"taxonomy":"post_tag","embeddable":true,"href":"https:\/\/indeks.bilten.mk\/index.php?rest_route=%2Fwp%2Fv2%2Ftags&post=15494"}],"curies":[{"name":"wp","href":"https:\/\/api.w.org\/{rel}","templated":true}]}}