{"id":15499,"date":"2023-09-01T12:54:17","date_gmt":"2023-09-01T10:54:17","guid":{"rendered":"https:\/\/indeks.mk\/?p=15499"},"modified":"2023-09-01T12:54:17","modified_gmt":"2023-09-01T10:54:17","slug":"viti-i-ri-shkollor-ne-maqedoni-nis-me-gatishmeri-te-plote-shume-investime-per-nxenesit-dhe-paga-me-te-larta-per-mesimdhenesit","status":"publish","type":"post","link":"https:\/\/indeks.bilten.mk\/?p=15499","title":{"rendered":"Viti i ri shkollor n\u00eb Maqedoni nis me gatishm\u00ebri t\u00eb plot\u00eb, shum\u00eb investime p\u00ebr nx\u00ebn\u00ebsit dhe paga m\u00eb t\u00eb larta p\u00ebr m\u00ebsimdh\u00ebn\u00ebsit"},"content":{"rendered":"<p>Viti i ri shkollor 2023\/2024 p\u00ebr nx\u00ebn\u00ebsit n\u00eb Maqedonin\u00eb e Veriut ka nisur me entuziaz\u00ebm dhe me shum\u00eb risi. <\/p>\n<p>Pas pun\u00ebs disa mujore dhe vendimeve t\u00eb Ministris\u00eb s\u00eb Arsimit dhe Shkenc\u00ebs,  ky 1 shtator i gjen nx\u00ebn\u00ebsit dhe m\u00ebsimdh\u00ebn\u00ebsit me kushte bashk\u00ebkohore n\u00eb shkolla.<\/p>\n<p>Ministri i Arsimit dhe Shkenc\u00ebs, Jeton Shaqiri deklaroi se p\u00ebr m\u00eb pak se nj\u00eb vit pagat n\u00eb arsim jan\u00eb rritur p\u00ebr 18,4 p\u00ebr qind, nd\u00ebrsa nga shtatori do t\u00eb rritet p\u00ebr 10 p\u00ebr qind shtes\u00eb, duke plot\u00ebsuar k\u00ebshtu nj\u00eb premtim zgjedhor pjes\u00eb e platform\u00ebs s\u00eb BDI-s\u00eb, q\u00eb m\u00ebsimdh\u00ebn\u00ebsit t\u00eb ken\u00eb paga m\u00eb t\u00eb dinjitetshme dhe kushte moderne p\u00ebr pun\u00eb, poashtu gjat\u00eb dit\u00ebs s\u00eb djeshme u ndan\u00eb dhe 45 vendime p\u00ebr disa m\u00ebsimdh\u00ebn\u00ebs mentor.<\/p>\n<p>P\u00ebrve\u00e7 pagave, n\u00eb shum\u00eb shkolla \u00ebsht\u00eb investuar n\u00eb sigurimin e mjeteve bashk\u00ebkohore p\u00ebr m\u00ebsim, p\u00ebrfshir\u00eb paisje p\u00ebr laboratore, klasa, hap\u00ebsira sportive si dhe t\u00eb ngjajshme, p\u00ebr t\u00eb mund\u00ebsuar kushte bashk\u00ebkohore p\u00ebr t\u00eb gjith\u00eb nx\u00ebn\u00ebsit, teksa lajmi i jav\u00ebs ishte dhe l\u00ebshimi n\u00eb p\u00ebrdorim i shkoll\u00ebs s\u00eb Vizbegut, me kapacitet p\u00ebr 300 nx\u00ebn\u00ebs. <\/p>\n<p>Nx\u00ebn\u00ebsit poashtu jan\u00eb furnizuar me kohe dhe me tekstet shkollore, pasi dit\u00eb m\u00eb par\u00eb filloi dhe procedura e pranim-dor\u00ebzimit t\u00eb librave n\u00ebp\u00ebr shkollat e vendit, nd\u00ebrsa gjat\u00eb shtatorit do t\u00eb shp\u00ebrndahen dhe materialet shtes\u00eb q\u00eb jan\u00eb n\u00eb proces t\u00eb miratimit.  <\/p>\n<p>Risi p\u00ebr nx\u00ebn\u00ebsit \u00ebsht\u00eb dhe pushimi pranveror. <\/p>\n<p>Sipas metod\u00ebs s\u00eb re, prej m\u00eb 30 dhjetor nx\u00ebn\u00ebsit do t\u00eb shfryt\u00ebzojn\u00eb pushimet dim\u00ebrore dhe gjysm\u00ebvjetori i dyt\u00eb do t\u00eb filloj\u00eb m\u00eb 22 janar, nd\u00ebrsa periudh\u00ebn nga data 29 prill deri m\u00eb 6 maj 2024, nx\u00ebn\u00ebsit do t\u00eb jen\u00eb n\u00eb pushim pranveror. <\/p>\n<p>Viti shkollor do t\u00eb zgjas\u00eb deri m\u00eb 17 qershor, nd\u00ebrsa pushimet verore do t\u00eb nisin nga 18 qershori dhe do t\u00eb mbarojn\u00eb m\u00eb 31 gusht 2024. \/Indeks.mk<\/p>\n","protected":false},"excerpt":{"rendered":"<p>Viti i ri shkollor 2023\/2024 p\u00ebr nx\u00ebn\u00ebsit n\u00eb Maqedonin\u00eb e Veriut ka nisur me entuziaz\u00ebm dhe me shum\u00eb risi. Pas pun\u00ebs disa mujore dhe vendimeve<\/p>\n","protected":false},"author":14,"featured_media":0,"comment_status":"open","ping_status":"open","sticky":false,"template":"","format":"standard","meta":{"footnotes":""},"categories":[44],"tags":[],"class_list":["post-15499","post","type-post","status-publish","format-standard","hentry","category-maqedoni"],"_links":{"self":[{"href":"https:\/\/indeks.bilten.mk\/index.php?rest_route=\/wp\/v2\/posts\/15499","targetHints":{"allow":["GET"]}}],"collection":[{"href":"https:\/\/indeks.bilten.mk\/index.php?rest_route=\/wp\/v2\/posts"}],"about":[{"href":"https:\/\/indeks.bilten.mk\/index.php?rest_route=\/wp\/v2\/types\/post"}],"author":[{"embeddable":true,"href":"https:\/\/indeks.bilten.mk\/index.php?rest_route=\/wp\/v2\/users\/14"}],"replies":[{"embeddable":true,"href":"https:\/\/indeks.bilten.mk\/index.php?rest_route=%2Fwp%2Fv2%2Fcomments&post=15499"}],"version-history":[{"count":0,"href":"https:\/\/indeks.bilten.mk\/index.php?rest_route=\/wp\/v2\/posts\/15499\/revisions"}],"wp:attachment":[{"href":"https:\/\/indeks.bilten.mk\/index.php?rest_route=%2Fwp%2Fv2%2Fmedia&parent=15499"}],"wp:term":[{"taxonomy":"category","embeddable":true,"href":"https:\/\/indeks.bilten.mk\/index.php?rest_route=%2Fwp%2Fv2%2Fcategories&post=15499"},{"taxonomy":"post_tag","embeddable":true,"href":"https:\/\/indeks.bilten.mk\/index.php?rest_route=%2Fwp%2Fv2%2Ftags&post=15499"}],"curies":[{"name":"wp","href":"https:\/\/api.w.org\/{rel}","templated":true}]}}