{"id":15504,"date":"2023-09-01T13:37:42","date_gmt":"2023-09-01T11:37:42","guid":{"rendered":"https:\/\/indeks.mk\/?p=15504"},"modified":"2023-09-01T13:37:42","modified_gmt":"2023-09-01T11:37:42","slug":"imami-kosovar-vajzat-e-mbuluara-ta-mbajne-me-krenari-shamine-neper-shkolla-mos-merrni-leje-prej-askujt-per-obligimit-qe-ua-dha-allahu","status":"publish","type":"post","link":"https:\/\/indeks.bilten.mk\/?p=15504","title":{"rendered":"Imami kosovar: Vajzat e mbuluara ta mbajn\u00eb me krenari shamin\u00eb n\u00ebp\u00ebr shkolla, mos merrni leje prej askujt p\u00ebr obligimit q\u00eb ua dha Allahu&#8230;"},"content":{"rendered":"<p>Imami kosovar Labinot Maliqi ka inkurajuar vajzat t\u00eb cilat jan\u00eb t\u00eb mbuluara, t\u00eb mbajn\u00eb shamin\u00eb me krenari n\u00eb shkoll\u00eb.<\/p>\n<p>Nd\u00ebrsa i ka b\u00ebr\u00eb thirrje ministres s\u00eb Arsimit Arb\u00ebrie Nagavci, q\u00eb t\u00eb reflekton sa m\u00eb par\u00eb, duke e shfuqizuar ndales\u00ebn fam\u00ebkeqe nga Udh\u00ebzimi Administrativ, ndales\u00eb kjo e trash\u00ebguar nga qeverit\u00eb e m\u00ebparshme.<\/p>\n<p>Njoftimi i plot\u00eb:<\/p>\n<p>#V\u00cbMENDJE! \u2014 Meq\u00eb jemi n\u00eb prag t\u00eb fillimit t\u00eb vitit t\u00eb ri shkollor, me k\u00ebt\u00eb shkrim po i drejtohem t\u00eb gjitha atyre vajzave (e p\u00ebrgjegj\u00ebsve t\u00eb tyre) t\u00eb cilat kan\u00eb vendosur rishtazi me vullnetin e tyre q\u00eb t\u2019a bartin shamin\u00eb edhe n\u00eb shkoll\u00eb (shami, ku fytyra duket dhe nuk \u00ebsht\u00eb e mbuluar), i lus q\u00eb ta vendosin at\u00eb q\u00eb nga dita e par\u00eb e m\u00ebsimit.<\/p>\n<p>Nuk keni nevoj\u00eb t\u00eb merrni leje dhe aprovim nga askush, mjafton q\u00eb prindi ta njofton kujdestarin\/ren e klas\u00ebs se, \u00ebsht\u00eb n\u00eb dijeni q\u00eb vajza e tyre e ka vendosur shamin\u00eb.<\/p>\n<p>Mbajeni shamin\u00eb kudo dhe me shum\u00eb krenari. Ngase shamia nuk \u00ebsht\u00eb simbol fetar\u00eb, por \u00ebsht\u00eb obligim nga i Plotfuqishmi. Dhe, ne jemi shtet demokratik q\u00eb aspirojm\u00eb an\u00ebtar\u00ebsimin n\u00eb Bashkimin Evropian, e jo shtet komunist e racist.<\/p>\n<p>Andaj, k\u00ebrkoj q\u00eb Ministrja e Arsimit, Znj. Arb\u00ebrie Nagavci, t\u00eb reflekton sa m\u00eb par\u00eb, duke e shfuqizuar ndales\u00ebn fam\u00ebkeqe nga Udh\u00ebzimi Administrativ, ndales\u00eb kjo e trash\u00ebguar nga qeverit\u00eb e m\u00ebparshme.<\/p>\n<p>E, n\u00ebse p\u00ebr shkak t\u00eb bartjes s\u00eb shamis\u00eb, ju pengojn\u00eb nga e drejta juaj elementare njer\u00ebzore p\u00ebr t\u00eb vijuar shkollimin n\u00eb institucionet publike, dhe p\u00ebr t\u00eb praktikuar hapur besimin, ashtu siq Kushtetuta e Kosov\u00ebs i garanton k\u00ebto t\u00eb drejta bazike, nuk keni nevoj\u00eb t\u00eb b\u00ebni panik apo t\u00eb brengoseni fare.<\/p>\n<p>I inkurajoj prind\u00ebrit\/p\u00ebrgjegj\u00ebsit e vajzave t\u00eb tyre t\u00eb m\u00eb kontaktojn\u00eb. P\u00ebr hir\u00eb t\u00eb Zotit, shqet\u00ebsimi juaj \u00ebsht\u00eb obligim p\u00ebr mua p\u00ebr ta zgjidhur. Me lejen e t\u00eb Plotfuqishmit, askush nuk do t\u00eb mund t\u2019ju privoj nga e drejta juaj p\u00ebr tu shkolluar, dhe e drejta p\u00ebr t\u00eb praktikuar hapur besimin.Suksese n\u00eb m\u00ebsime. Zoti ju shtoft\u00eb diturin\u00eb!<\/p>\n","protected":false},"excerpt":{"rendered":"<p>Imami kosovar Labinot Maliqi ka inkurajuar vajzat t\u00eb cilat jan\u00eb t\u00eb mbuluara, t\u00eb mbajn\u00eb shamin\u00eb me krenari n\u00eb shkoll\u00eb. Nd\u00ebrsa i ka b\u00ebr\u00eb thirrje ministres<\/p>\n","protected":false},"author":14,"featured_media":15505,"comment_status":"open","ping_status":"open","sticky":false,"template":"","format":"standard","meta":{"footnotes":""},"categories":[54,45],"tags":[],"class_list":["post-15504","post","type-post","status-publish","format-standard","has-post-thumbnail","hentry","category-indeks","category-rajoni"],"_links":{"self":[{"href":"https:\/\/indeks.bilten.mk\/index.php?rest_route=\/wp\/v2\/posts\/15504","targetHints":{"allow":["GET"]}}],"collection":[{"href":"https:\/\/indeks.bilten.mk\/index.php?rest_route=\/wp\/v2\/posts"}],"about":[{"href":"https:\/\/indeks.bilten.mk\/index.php?rest_route=\/wp\/v2\/types\/post"}],"author":[{"embeddable":true,"href":"https:\/\/indeks.bilten.mk\/index.php?rest_route=\/wp\/v2\/users\/14"}],"replies":[{"embeddable":true,"href":"https:\/\/indeks.bilten.mk\/index.php?rest_route=%2Fwp%2Fv2%2Fcomments&post=15504"}],"version-history":[{"count":0,"href":"https:\/\/indeks.bilten.mk\/index.php?rest_route=\/wp\/v2\/posts\/15504\/revisions"}],"wp:featuredmedia":[{"embeddable":true,"href":"https:\/\/indeks.bilten.mk\/index.php?rest_route=\/wp\/v2\/media\/15505"}],"wp:attachment":[{"href":"https:\/\/indeks.bilten.mk\/index.php?rest_route=%2Fwp%2Fv2%2Fmedia&parent=15504"}],"wp:term":[{"taxonomy":"category","embeddable":true,"href":"https:\/\/indeks.bilten.mk\/index.php?rest_route=%2Fwp%2Fv2%2Fcategories&post=15504"},{"taxonomy":"post_tag","embeddable":true,"href":"https:\/\/indeks.bilten.mk\/index.php?rest_route=%2Fwp%2Fv2%2Ftags&post=15504"}],"curies":[{"name":"wp","href":"https:\/\/api.w.org\/{rel}","templated":true}]}}