{"id":15507,"date":"2023-09-01T14:05:38","date_gmt":"2023-09-01T12:05:38","guid":{"rendered":"https:\/\/indeks.mk\/?p=15507"},"modified":"2023-09-01T14:05:38","modified_gmt":"2023-09-01T12:05:38","slug":"kovacevski-tregon-se-kur-do-te-vazhdoj-seanca-per-ndryshimet-kushtetuese","status":"publish","type":"post","link":"https:\/\/indeks.bilten.mk\/?p=15507","title":{"rendered":"Kova\u00e7evski tregon se kur do t\u00eb vazhdoj seanca p\u00ebr ndryshimet kushtetuese"},"content":{"rendered":"<p>Seanca plenare e Kuvendit p\u00ebr miratimin e amendamenteve p\u00ebr ndryshime kushtetuese ka filluar dhe do t\u00eb vazhdoj\u00eb kur t\u00eb krijohen kushtet e duhura sa i p\u00ebrket numrit t\u00eb deputet\u00ebve q\u00eb do ta p\u00ebrkrahnin nj\u00eb proces t\u00eb till\u00eb, tha kryeministri Dimitar Kova\u00e7evski.<\/p>\n<p>I pyetur n\u00ebse mund t\u00eb pritet zgjatja e seanc\u00ebs parlamentare p\u00ebr ndryshime kushtetuese deri n\u00eb janar, duke pasur parasysh se vitin e ardhsh\u00ebm do t\u00eb fillojn\u00eb zgjedhjet e brendshme n\u00eb Bashkimin Evropian, Kova\u00e7evski tha se kjo \u00e7\u00ebshtje \u00ebsht\u00eb ve\u00e7an\u00ebrisht e r\u00ebnd\u00ebsishme duke pasur parasysh zgjedhjet e ardhshme.<\/p>\n<p>\u201cTani \u00ebsht\u00eb momenti kur merret nj\u00eb vendim i till\u00eb, duke qen\u00eb se vitin e ardhsh\u00ebm Bashkimi Evropian dhe Shtetet e Bashkuara t\u00eb Amerik\u00ebs shkojn\u00eb n\u00eb zgjedhje dhe Maqedonia e Veriut shkon n\u00eb zgjedhje. Pas k\u00ebsaj do t\u00eb krijohet nj\u00eb komision i ri, organe t\u00eb reja t\u00eb BE-s\u00eb, t\u00eb cilat natyrisht do ta zgjasin at\u00eb proces p\u00ebr nj\u00eb koh\u00eb t\u00eb pacaktuar, tha Kova\u00e7evski duke iu p\u00ebrgjigjur pyetjeve t\u00eb gazetar\u00ebve pas vizit\u00ebs s\u00eb sotme n\u00eb Qendr\u00ebn Rajonale p\u00ebr Arsim dhe Aft\u00ebsim Profesional \u201cKiro Burnaz\u201d n\u00eb Kumanov\u00eb.<\/p>\n","protected":false},"excerpt":{"rendered":"<p>Seanca plenare e Kuvendit p\u00ebr miratimin e amendamenteve p\u00ebr ndryshime kushtetuese ka filluar dhe do t\u00eb vazhdoj\u00eb kur t\u00eb krijohen kushtet e duhura sa i<\/p>\n","protected":false},"author":14,"featured_media":0,"comment_status":"open","ping_status":"open","sticky":false,"template":"","format":"standard","meta":{"footnotes":""},"categories":[44],"tags":[],"class_list":["post-15507","post","type-post","status-publish","format-standard","hentry","category-maqedoni"],"_links":{"self":[{"href":"https:\/\/indeks.bilten.mk\/index.php?rest_route=\/wp\/v2\/posts\/15507","targetHints":{"allow":["GET"]}}],"collection":[{"href":"https:\/\/indeks.bilten.mk\/index.php?rest_route=\/wp\/v2\/posts"}],"about":[{"href":"https:\/\/indeks.bilten.mk\/index.php?rest_route=\/wp\/v2\/types\/post"}],"author":[{"embeddable":true,"href":"https:\/\/indeks.bilten.mk\/index.php?rest_route=\/wp\/v2\/users\/14"}],"replies":[{"embeddable":true,"href":"https:\/\/indeks.bilten.mk\/index.php?rest_route=%2Fwp%2Fv2%2Fcomments&post=15507"}],"version-history":[{"count":0,"href":"https:\/\/indeks.bilten.mk\/index.php?rest_route=\/wp\/v2\/posts\/15507\/revisions"}],"wp:attachment":[{"href":"https:\/\/indeks.bilten.mk\/index.php?rest_route=%2Fwp%2Fv2%2Fmedia&parent=15507"}],"wp:term":[{"taxonomy":"category","embeddable":true,"href":"https:\/\/indeks.bilten.mk\/index.php?rest_route=%2Fwp%2Fv2%2Fcategories&post=15507"},{"taxonomy":"post_tag","embeddable":true,"href":"https:\/\/indeks.bilten.mk\/index.php?rest_route=%2Fwp%2Fv2%2Ftags&post=15507"}],"curies":[{"name":"wp","href":"https:\/\/api.w.org\/{rel}","templated":true}]}}