{"id":15510,"date":"2023-09-01T14:11:17","date_gmt":"2023-09-01T12:11:17","guid":{"rendered":"https:\/\/indeks.mk\/?p=15510"},"modified":"2023-09-01T14:11:17","modified_gmt":"2023-09-01T12:11:17","slug":"sulmohet-fizikisht-modelja-ivana-knoll-me-rrahu-nje-grua-sepse-i-dashuri-i-saj-me-shikonte-mua","status":"publish","type":"post","link":"https:\/\/indeks.bilten.mk\/?p=15510","title":{"rendered":"Sulmohet fizikisht modelja Ivana Knoll: M\u00eb rrahu nj\u00eb grua sepse i dashuri i saj m\u00eb shikonte mua&#8230;"},"content":{"rendered":"<p>Ivana Knoll \u00ebsht\u00eb ankuar p\u00ebr nj\u00eb situat\u00eb t\u00eb pak\u00ebndshme q\u00eb i ka ndodhur n\u00eb nj\u00eb restorant ku \u00ebsht\u00eb sulmuar nga nj\u00eb grua tjet\u00ebr.<\/p>\n<p>\u201cU sulmova nga nj\u00eb grua e panjohur teksa isha duke pir\u00eb \u00e7aj me miqt\u00eb e mi. Mendova se nuk kisha nevoj\u00eb p\u00ebr siguri k\u00ebtu. Ajo m\u00eb sulmoi sepse i dashuri i saj m\u00eb shikonte kur hyra n\u00eb kafene. M\u00eb priti p\u00ebr tre or\u00eb jasht\u00eb kafenes\u00eb dhe m\u00eb pas m\u00eb sulmoi\u201d, filloi ajo rr\u00ebfimin.<\/p>\n<p>\u201cNuk e vura re as n\u00eb kafene, p\u00ebr fat e ndaluan miqt\u00eb e mi dhe e mor\u00ebn nga un\u00eb, nuk e mbanin dot. Ajo thoshte se do t\u00eb m\u00eb vriste. S\u00eb shpejti erdhi policia dhe e mori n\u00eb paraburgim.T\u00eb dashura gra, dua t\u2019ju pyes se \u00e7far\u00eb po ndodh? Si mund t\u00eb jeni kaq xheloze? Pse nuk mund ta kuptoni q\u00eb ka nj\u00eb grua q\u00eb \u00ebsht\u00eb m\u00eb e bukur, m\u00eb e re, m\u00eb e zgjuar, m\u00eb e fort\u00eb dhe m\u00eb shum\u00eb e suksesshme se t\u00eb tjer\u00ebt\u201d, vazhdoi ajo.<\/p>\n<p>\u201cNuk ka t\u00eb b\u00ebj\u00eb tani me mua, as ju dhe sapo ta kuptoni k\u00ebt\u00eb dhe t\u00eb filloni t\u00eb b\u00ebheni versioni m\u00eb i mir\u00eb i vetes, do t\u00eb ndaloni s\u00eb qeni xheloz. Mos e p\u00ebrcaktoni vler\u00ebn tuaj nga nj\u00eb mashkull \u2013 ata jan\u00eb atje p\u00ebr t\u2019ju mb\u00ebshtetur ose p\u00ebr t\u2019ju shkaktuar dhimbje koke \u2013 kjo varet nga zgjedhjet tuaja, por ato sigurisht q\u00eb nuk p\u00ebrcaktojn\u00eb vler\u00ebn tuaj\u201d, p\u00ebrfundoi Knoll.<\/p>\n<p>Bukuroshja kroate theksojm\u00eb se fitoi fam\u00eb t\u00eb madhe n\u00eb Kup\u00ebn e Bot\u00ebs t\u00eb vitit 2022.<\/p>\n<p>Influencuesja ishte n\u00eb Katar me synimin e vendosur p\u00ebr t\u00eb mb\u00ebshtetur vendin e saj n\u00eb t\u00eb gjitha ndeshjet e tyre.<\/p>\n<p>Kroacia theksojm\u00eb se doli e treta n\u00eb Kup\u00ebn e Bot\u00ebs n\u00eb 2022. \/Telegrafi\/<\/p>\n","protected":false},"excerpt":{"rendered":"<p>Ivana Knoll \u00ebsht\u00eb ankuar p\u00ebr nj\u00eb situat\u00eb t\u00eb pak\u00ebndshme q\u00eb i ka ndodhur n\u00eb nj\u00eb restorant ku \u00ebsht\u00eb sulmuar nga nj\u00eb grua tjet\u00ebr. \u201cU sulmova<\/p>\n","protected":false},"author":14,"featured_media":15511,"comment_status":"open","ping_status":"open","sticky":false,"template":"","format":"standard","meta":{"footnotes":""},"categories":[49],"tags":[],"class_list":["post-15510","post","type-post","status-publish","format-standard","has-post-thumbnail","hentry","category-showbiz"],"_links":{"self":[{"href":"https:\/\/indeks.bilten.mk\/index.php?rest_route=\/wp\/v2\/posts\/15510","targetHints":{"allow":["GET"]}}],"collection":[{"href":"https:\/\/indeks.bilten.mk\/index.php?rest_route=\/wp\/v2\/posts"}],"about":[{"href":"https:\/\/indeks.bilten.mk\/index.php?rest_route=\/wp\/v2\/types\/post"}],"author":[{"embeddable":true,"href":"https:\/\/indeks.bilten.mk\/index.php?rest_route=\/wp\/v2\/users\/14"}],"replies":[{"embeddable":true,"href":"https:\/\/indeks.bilten.mk\/index.php?rest_route=%2Fwp%2Fv2%2Fcomments&post=15510"}],"version-history":[{"count":0,"href":"https:\/\/indeks.bilten.mk\/index.php?rest_route=\/wp\/v2\/posts\/15510\/revisions"}],"wp:featuredmedia":[{"embeddable":true,"href":"https:\/\/indeks.bilten.mk\/index.php?rest_route=\/wp\/v2\/media\/15511"}],"wp:attachment":[{"href":"https:\/\/indeks.bilten.mk\/index.php?rest_route=%2Fwp%2Fv2%2Fmedia&parent=15510"}],"wp:term":[{"taxonomy":"category","embeddable":true,"href":"https:\/\/indeks.bilten.mk\/index.php?rest_route=%2Fwp%2Fv2%2Fcategories&post=15510"},{"taxonomy":"post_tag","embeddable":true,"href":"https:\/\/indeks.bilten.mk\/index.php?rest_route=%2Fwp%2Fv2%2Ftags&post=15510"}],"curies":[{"name":"wp","href":"https:\/\/api.w.org\/{rel}","templated":true}]}}