{"id":15516,"date":"2023-09-01T14:17:33","date_gmt":"2023-09-01T12:17:33","guid":{"rendered":"https:\/\/indeks.mk\/?p=15516"},"modified":"2023-09-01T14:17:33","modified_gmt":"2023-09-01T12:17:33","slug":"nje-martese-ne-theth-cifti-nga-gjermania-thote-po-mes-alpeve-shqiptare","status":"publish","type":"post","link":"https:\/\/indeks.bilten.mk\/?p=15516","title":{"rendered":"Nj\u00eb martes\u00eb n\u00eb Theth, \u00e7ifti nga Gjermania thot\u00eb \u201cPo\u201d mes Alpeve shqiptare"},"content":{"rendered":"<p>Natyra q\u00eb t\u00eb ofron Thethi e solli Robin dhe Auror\u00ebn n\u00eb Shqip\u00ebri. Jo p\u00ebr turiz\u00ebm, por t\u00eb kuror\u00ebzuar dashurin\u00eb e tyre midis Alpeve shqiptare.<\/p>\n<p>\u201cPo mendonim me Auror\u00ebn nj\u00eb vend special dhe donim me patjet\u00ebr q\u00eb t\u00eb ishte n\u00eb natyr\u00eb. Gjithashtu, donim nj\u00eb vend q\u00eb t\u00eb kishim edhe t\u00ebrheqje. Dy vite m\u00eb par\u00eb ishim n\u00eb Theth dhe b\u00ebm\u00eb udh\u00ebtimin p\u00ebr n\u00eb Valbon\u00eb. Q\u00ebndruam tre net n\u00eb Theth. P\u00ebr mua ishte hera e par\u00eb n\u00eb Theth dhe n\u00eb Shqip\u00ebri dhe u ndjeva shum\u00eb mir\u00eb me vendin dhe me banor\u00ebt. Prandaj vendos\u00ebm ta b\u00ebnim k\u00ebtu. Jam shum\u00eb i lumtur\u201d, thot\u00eb Robin Wilham.<\/p>\n<p>Thethi ishte nj\u00eb rast\u00ebsi e bukur p\u00ebr gjermanin, por jo p\u00ebr Auror\u00ebn. Ajo ka lindur n\u00eb Kosov\u00eb, por \u00ebsht\u00eb larguar q\u00eb n\u00eb koh\u00ebn e luft\u00ebs n\u00eb Gjermani. Ndaj, p\u00ebr ta nuk ka qen\u00eb aspak e v\u00ebshtire t\u00eb vendosnin ku do i thoshin po nj\u00ebri-tjetrit.<\/p>\n<p><iframe loading=\"lazy\" title=\"Nj\u00eb martes\u00eb n\u00eb Theth! \u00c7ifti nga Gjermania i than\u00eb po nj\u00ebri-tjetrit, mes alpeve shqiptare\" src=\"https:\/\/www.youtube.com\/embed\/tkl11WQaqkk\" width=\"640\" height=\"360\" frameborder=\"0\" allowfullscreen=\"allowfullscreen\"><\/iframe><\/p>\n<p>\u201cKemi ardhur n\u00eb Theth dhe menj\u00ebher\u00eb kam r\u00ebn\u00eb n\u00eb dashuri me k\u00ebt\u00eb vend t\u00eb bukur t\u00eb mahnitsh\u00ebm. Kur vendos\u00ebm t\u00eb martoheshim kemi b\u00ebr\u00eb zgjidhjen p\u00ebr ta b\u00ebr\u00eb dasm\u00ebn ose n\u00eb Kosov\u00eb ose n\u00eb Shqip\u00ebri dhe menj\u00ebher\u00eb t\u00eb dyve na shkoi Thethi n\u00eb mendje\u201d, tregon Aurora Kastrati.<\/p>\n<p>Ndon\u00ebse nj\u00eb \u00e7ift modern, dasma e tyre \u00ebsht\u00eb menduar t\u00eb jet\u00eb tradicionale, ku nuk ka se si t\u00eb mos mungojn\u00eb gatimet e zon\u00ebs.<\/p>\n<p>Nj\u00eb dasm\u00eb e menduar deri n\u00eb detaje\u2026Aurora e veshur me xhublet\u00ebn tradicionale dhe Robin me veshjen e burrave t\u00eb Mal\u00ebsis\u00eb nd\u00ebrthuren m\u00eb s\u00eb miri me ansamblin e valleve.<\/p>\n<p>Megjithat\u00eb, miqt\u00eb dhe familjar\u00ebt ishin skeptik\u00eb p\u00ebr k\u00ebt\u00eb vendim t\u00eb tyre. Larg\u00ebsia nga vendi ku ata jetojn\u00eb u kthye n\u00eb problem, por Thethi ja doli t\u00eb b\u00ebj\u00eb magjin\u00eb e tij.<\/p>\n<p>\u201cM\u00eb than\u00eb q\u00eb \u00ebsht\u00eb shum\u00eb larg dhe pse nuk ke menduar ta b\u00ebsh n\u00eb Gjermani apo pse jo n\u00eb Spanj\u00eb apo diku tjet\u00ebr, por menj\u00ebher\u00eb sa i tregova fotografit\u00eb e kuptuan pse doja k\u00ebtu. Gjeta k\u00ebt\u00eb parajs\u00eb t\u00eb vog\u00ebl k\u00ebtu dhe tani ata mendojn\u00eb se b\u00ebra nj\u00eb zgjedhje t\u00eb shk\u00eblqyer\u201d, tregon Robin.<\/p>\n<p>Mes bukuris\u00eb s\u00eb natyr\u00ebs dhe per\u00ebndimit magjeps\u00ebs, \u00ebndrra e tyre u kuror\u00ebzua duke celebruar martes\u00ebn n\u00eb Thethin e \u201czanave t\u00eb malit\u201d.<\/p>\n","protected":false},"excerpt":{"rendered":"<p>Natyra q\u00eb t\u00eb ofron Thethi e solli Robin dhe Auror\u00ebn n\u00eb Shqip\u00ebri. Jo p\u00ebr turiz\u00ebm, por t\u00eb kuror\u00ebzuar dashurin\u00eb e tyre midis Alpeve shqiptare. \u201cPo<\/p>\n","protected":false},"author":14,"featured_media":15517,"comment_status":"open","ping_status":"open","sticky":false,"template":"","format":"standard","meta":{"footnotes":""},"categories":[54],"tags":[],"class_list":["post-15516","post","type-post","status-publish","format-standard","has-post-thumbnail","hentry","category-indeks"],"_links":{"self":[{"href":"https:\/\/indeks.bilten.mk\/index.php?rest_route=\/wp\/v2\/posts\/15516","targetHints":{"allow":["GET"]}}],"collection":[{"href":"https:\/\/indeks.bilten.mk\/index.php?rest_route=\/wp\/v2\/posts"}],"about":[{"href":"https:\/\/indeks.bilten.mk\/index.php?rest_route=\/wp\/v2\/types\/post"}],"author":[{"embeddable":true,"href":"https:\/\/indeks.bilten.mk\/index.php?rest_route=\/wp\/v2\/users\/14"}],"replies":[{"embeddable":true,"href":"https:\/\/indeks.bilten.mk\/index.php?rest_route=%2Fwp%2Fv2%2Fcomments&post=15516"}],"version-history":[{"count":0,"href":"https:\/\/indeks.bilten.mk\/index.php?rest_route=\/wp\/v2\/posts\/15516\/revisions"}],"wp:featuredmedia":[{"embeddable":true,"href":"https:\/\/indeks.bilten.mk\/index.php?rest_route=\/wp\/v2\/media\/15517"}],"wp:attachment":[{"href":"https:\/\/indeks.bilten.mk\/index.php?rest_route=%2Fwp%2Fv2%2Fmedia&parent=15516"}],"wp:term":[{"taxonomy":"category","embeddable":true,"href":"https:\/\/indeks.bilten.mk\/index.php?rest_route=%2Fwp%2Fv2%2Fcategories&post=15516"},{"taxonomy":"post_tag","embeddable":true,"href":"https:\/\/indeks.bilten.mk\/index.php?rest_route=%2Fwp%2Fv2%2Ftags&post=15516"}],"curies":[{"name":"wp","href":"https:\/\/api.w.org\/{rel}","templated":true}]}}