{"id":15522,"date":"2023-09-01T14:25:33","date_gmt":"2023-09-01T12:25:33","guid":{"rendered":"https:\/\/indeks.mk\/?p=15522"},"modified":"2023-09-01T14:25:33","modified_gmt":"2023-09-01T12:25:33","slug":"barcelona-ka-marre-nje-oferte-tronditese-per-lewandowskin","status":"publish","type":"post","link":"https:\/\/indeks.bilten.mk\/?p=15522","title":{"rendered":"Barcelona ka marr\u00eb nj\u00eb ofert\u00eb trondit\u00ebse p\u00ebr Lewandowskin"},"content":{"rendered":"<p><strong>Barcelona pritet t\u00eb jet\u00eb shum\u00eb e ngarkuar gjat\u00eb dit\u00ebs s\u00eb fundit t\u00eb afatit kalimtar t\u00eb ver\u00ebs. Ata shpresojn\u00eb t\u00eb finalizojn\u00eb marr\u00ebveshjet p\u00ebr Joao Cancelo dhe Joao Felix, nd\u00ebrsa lojtar\u00ebt ekzistues gjithashtu mund t\u00eb l\u00ebvizin p\u00ebrpara.<\/strong><\/p>\n<div class=\"code-block code-block-43 code-block-pas-paragrafit-2t-inarticle\">\n<div>Ez Abde, Ansu Fati dhe Clement Lenglet duken t\u00eb gjith\u00eb af\u00ebr largimit nga Barcelona dhe ka mund\u00ebsi q\u00eb atyre t\u2019i bashkohet edhe Robert Lewandowski.<\/div>\n<\/div>\n<p>Sipas gazetarit t\u00eb\u00a0<em>Sport<\/em>, David Bernabeu Reverter, nj\u00eb skuad\u00ebr e paidentifikuar e Arabis\u00eb Saudite ka paraqitur nj\u00eb ofert\u00eb prej 40 milion\u00eb euro p\u00ebr polakun.<\/p>\n<p>&nbsp;<\/p>\n<div class=\"twitter-tweet twitter-tweet-rendered\"><iframe id=\"twitter-widget-0\" class=\"\" title=\"Twitter Tweet\" src=\"https:\/\/platform.twitter.com\/embed\/Tweet.html?creatorScreenName=Telegrafisti&amp;dnt=false&amp;embedId=twitter-widget-0&amp;features=eyJ0ZndfdGltZWxpbmVfbGlzdCI6eyJidWNrZXQiOltdLCJ2ZXJzaW9uIjpudWxsfSwidGZ3X2ZvbGxvd2VyX2NvdW50X3N1bnNldCI6eyJidWNrZXQiOnRydWUsInZlcnNpb24iOm51bGx9LCJ0ZndfdHdlZXRfZWRpdF9iYWNrZW5kIjp7ImJ1Y2tldCI6Im9uIiwidmVyc2lvbiI6bnVsbH0sInRmd19yZWZzcmNfc2Vzc2lvbiI6eyJidWNrZXQiOiJvbiIsInZlcnNpb24iOm51bGx9LCJ0ZndfZm9zbnJfc29mdF9pbnRlcnZlbnRpb25zX2VuYWJsZWQiOnsiYnVja2V0Ijoib24iLCJ2ZXJzaW9uIjpudWxsfSwidGZ3X21peGVkX21lZGlhXzE1ODk3Ijp7ImJ1Y2tldCI6InRyZWF0bWVudCIsInZlcnNpb24iOm51bGx9LCJ0ZndfZXhwZXJpbWVudHNfY29va2llX2V4cGlyYXRpb24iOnsiYnVja2V0IjoxMjA5NjAwLCJ2ZXJzaW9uIjpudWxsfSwidGZ3X3Nob3dfYmlyZHdhdGNoX3Bpdm90c19lbmFibGVkIjp7ImJ1Y2tldCI6Im9uIiwidmVyc2lvbiI6bnVsbH0sInRmd19kdXBsaWNhdGVfc2NyaWJlc190b19zZXR0aW5ncyI6eyJidWNrZXQiOiJvbiIsInZlcnNpb24iOm51bGx9LCJ0ZndfdXNlX3Byb2ZpbGVfaW1hZ2Vfc2hhcGVfZW5hYmxlZCI6eyJidWNrZXQiOiJvbiIsInZlcnNpb24iOm51bGx9LCJ0ZndfdmlkZW9faGxzX2R5bmFtaWNfbWFuaWZlc3RzXzE1MDgyIjp7ImJ1Y2tldCI6InRydWVfYml0cmF0ZSIsInZlcnNpb24iOm51bGx9LCJ0ZndfbGVnYWN5X3RpbWVsaW5lX3N1bnNldCI6eyJidWNrZXQiOnRydWUsInZlcnNpb24iOm51bGx9LCJ0ZndfdHdlZXRfZWRpdF9mcm9udGVuZCI6eyJidWNrZXQiOiJvbiIsInZlcnNpb24iOm51bGx9fQ%3D%3D&amp;frame=false&amp;hideCard=false&amp;hideThread=false&amp;id=1697551304598356475&amp;lang=en&amp;origin=https%3A%2F%2Ftelegrafi.com%2Fbarcelona-ka-marre-nje-oferte-tronditese-per-lewandowskin%2F&amp;sessionId=aa6e7aaa5035687d588576e0889c0ae43cd995a9&amp;siteScreenName=Telegrafisti&amp;theme=light&amp;widgetsVersion=aaf4084522e3a%3A1674595607486&amp;width=550px\" frameborder=\"0\" scrolling=\"no\" allowfullscreen=\"allowfullscreen\" data-tweet-id=\"1697551304598356475\" data-mce-fragment=\"1\"><\/iframe><\/div>\n<p>&nbsp;<\/p>\n<p>Lewandowski ishte i lidhur me nj\u00eb l\u00ebvizje n\u00eb Arabin\u00eb Saudite n\u00eb fillim t\u00eb k\u00ebsaj vere, por ai i hodhi n\u00eb m\u00ebnyr\u00eb t\u00eb prer\u00eb z\u00ebrat n\u00eb at\u00eb koh\u00eb.<\/p>\n<div class=\"ai-viewport-1\" data-insertion-position=\"prepend\" data-selector=\".ai-insert-1-30361260\" data-insertion-no-dbg=\"\" data-code=\"PGRpdiBjbGFzcz0nY29kZS1ibG9jayBjb2RlLWJsb2NrLTEgY29kZS1ibG9jay1pbmFydGljbGUtZGVza3RvcCcgc3R5bGU9J21hcmdpbjogOHB4IGF1dG87IHRleHQtYWxpZ246IGNlbnRlcjsgZGlzcGxheTogYmxvY2s7IGNsZWFyOiBib3RoOyB3aWR0aDogMzAwcHg7IGhlaWdodDogNDIwcHg7IGJhY2tncm91bmQtY29sb3I6ICNmZmZmZmY7Jz4KPGRpdiBzdHlsZT0icG9zaXRpb246IHN0aWNreTsgdG9wOiAxNXB4OyI+CjxkaXYgY2xhc3M9ImNvZGUtYmxvY2stbGFiZWwiPlJla2xhbWE8L2Rpdj4KPGRpdiBkYXRhLWFkLXVuaXQtaWQ9Ii8yMjY0NjY1NzExOC9Jbi1hcnRpY2xlX2JveF8yIj48L2Rpdj4KPC9kaXY+CjxkaXYgc3R5bGU9IiBoZWlnaHQ6IDM5MHB4OyI+PC9kaXY+CjwvZGl2Pgo=\" data-block=\"1\">\n<div class=\"code-block code-block-1 code-block-inarticle-desktop\">\n<div>\n<div class=\"code-block-label\">Ka shum\u00eb t\u00eb ngjar\u00eb q\u00eb ai ta b\u00ebj\u00eb k\u00ebt\u00eb p\u00ebrs\u00ebri tani, megjith\u00ebse Barcelona ka shum\u00eb pak gjasa q\u00eb ta pranoj\u00eb ofert\u00ebn gjithsesi.<\/div>\n<\/div>\n<\/div>\n<\/div>\n<div class=\"related-to-article\">\n<div class=\"related-article-i\">\n<div><\/div>\n<div class=\"clearfix\">Sulmuesi ka pasur nj\u00eb fillim t\u00eb v\u00ebshtir\u00eb n\u00eb sezonin e ri, dhe ai sh\u00ebnoi vet\u00ebm golin e tij t\u00eb par\u00eb gjat\u00eb fitores s\u00eb fundjav\u00ebs s\u00eb kaluar ndaj Villarrealit.<\/div>\n<\/div>\n<\/div>\n<p>Pavar\u00ebsisht k\u00ebsaj, ai \u00ebsht\u00eb ende nj\u00eb lojtar i domosdosh\u00ebm p\u00ebr Barcelon\u00ebn, e cila me siguri do t\u00eb jet\u00eb i etur p\u00ebr t\u00eb mos e shitur at\u00eb.\u00a0<strong><em>\/Telegrafi\/<\/em><\/strong><\/p>\n","protected":false},"excerpt":{"rendered":"<p>Barcelona pritet t\u00eb jet\u00eb shum\u00eb e ngarkuar gjat\u00eb dit\u00ebs s\u00eb fundit t\u00eb afatit kalimtar t\u00eb ver\u00ebs. Ata shpresojn\u00eb t\u00eb finalizojn\u00eb marr\u00ebveshjet p\u00ebr Joao Cancelo dhe<\/p>\n","protected":false},"author":14,"featured_media":15523,"comment_status":"open","ping_status":"open","sticky":false,"template":"","format":"standard","meta":{"footnotes":""},"categories":[48],"tags":[],"class_list":["post-15522","post","type-post","status-publish","format-standard","has-post-thumbnail","hentry","category-sport"],"_links":{"self":[{"href":"https:\/\/indeks.bilten.mk\/index.php?rest_route=\/wp\/v2\/posts\/15522","targetHints":{"allow":["GET"]}}],"collection":[{"href":"https:\/\/indeks.bilten.mk\/index.php?rest_route=\/wp\/v2\/posts"}],"about":[{"href":"https:\/\/indeks.bilten.mk\/index.php?rest_route=\/wp\/v2\/types\/post"}],"author":[{"embeddable":true,"href":"https:\/\/indeks.bilten.mk\/index.php?rest_route=\/wp\/v2\/users\/14"}],"replies":[{"embeddable":true,"href":"https:\/\/indeks.bilten.mk\/index.php?rest_route=%2Fwp%2Fv2%2Fcomments&post=15522"}],"version-history":[{"count":0,"href":"https:\/\/indeks.bilten.mk\/index.php?rest_route=\/wp\/v2\/posts\/15522\/revisions"}],"wp:featuredmedia":[{"embeddable":true,"href":"https:\/\/indeks.bilten.mk\/index.php?rest_route=\/wp\/v2\/media\/15523"}],"wp:attachment":[{"href":"https:\/\/indeks.bilten.mk\/index.php?rest_route=%2Fwp%2Fv2%2Fmedia&parent=15522"}],"wp:term":[{"taxonomy":"category","embeddable":true,"href":"https:\/\/indeks.bilten.mk\/index.php?rest_route=%2Fwp%2Fv2%2Fcategories&post=15522"},{"taxonomy":"post_tag","embeddable":true,"href":"https:\/\/indeks.bilten.mk\/index.php?rest_route=%2Fwp%2Fv2%2Ftags&post=15522"}],"curies":[{"name":"wp","href":"https:\/\/api.w.org\/{rel}","templated":true}]}}