{"id":15529,"date":"2023-09-01T14:35:33","date_gmt":"2023-09-01T12:35:33","guid":{"rendered":"https:\/\/indeks.mk\/?p=15529"},"modified":"2023-09-01T14:35:33","modified_gmt":"2023-09-01T12:35:33","slug":"sot-mona-do-te-festonte-ditelindjen-zanfina-ben-urimin-prekes-per-nenen-e-saj-te-ndjere-foto","status":"publish","type":"post","link":"https:\/\/indeks.bilten.mk\/?p=15529","title":{"rendered":"Sot Mona do t\u00eb festonte dit\u00eblindjen&#8230; Zanfina b\u00ebn urimin prek\u00ebs p\u00ebr n\u00ebn\u00ebn e saj t\u00eb ndjer\u00eb (FOTO)"},"content":{"rendered":"<p>Sot \u00ebsht\u00eb dit\u00eb m\u00ebrzie p\u00ebr tri motrat Ismaili.<\/p>\n<p>N\u00ebna e tyre e ndjer\u00eb Mona, do t\u00eb festonte dit\u00eblindjen, por fatkeq\u00ebsisht ajo nd\u00ebrroi jet\u00eb disa vite m\u00eb par\u00eb.<\/p>\n<p>Zanfina Ismaili e kujtoi k\u00ebt\u00eb dit\u00eb plot dhimbje dhe emocionoi me fjal\u00eb dedikuar asaj p\u00ebrmes nj\u00eb fotografie t\u00eb postuar n\u00eb Instastory n\u00eb t\u00eb cil\u00ebn ajo shkroi:<\/p>\n<p>\u201cUrime dit\u00eblindja mamush edhe sot si shtat\u00eb vitet e kalume s\u2019jena bashk\u00eb. M\u00eb mungon aq sa asnj\u00eb fjal\u00eb se p\u00ebrshkruan ato q\u00eb shpirtit i mungon\u201d.<\/p>\n<p>Shihni postimin e saj t\u00eb plot\u00eb m\u00eb posht\u00eb! \/Prive.al<\/p>\n<p><img loading=\"lazy\" decoding=\"async\" class=\"alignnone size-full wp-image-186437\" src=\"https:\/\/prive.al\/wp-content\/uploads\/2023\/09\/IMG_7977.jpeg\" sizes=\"auto, (max-width: 1283px) 100vw, 1283px\" srcset=\"https:\/\/prive.al\/wp-content\/uploads\/2023\/09\/IMG_7977.jpeg 1283w, https:\/\/prive.al\/wp-content\/uploads\/2023\/09\/IMG_7977-768x1512.jpeg 768w\" alt=\"\" width=\"1283\" height=\"2526\" \/><\/p>\n","protected":false},"excerpt":{"rendered":"<p>Sot \u00ebsht\u00eb dit\u00eb m\u00ebrzie p\u00ebr tri motrat Ismaili. N\u00ebna e tyre e ndjer\u00eb Mona, do t\u00eb festonte dit\u00eblindjen, por fatkeq\u00ebsisht ajo nd\u00ebrroi jet\u00eb disa vite<\/p>\n","protected":false},"author":14,"featured_media":15530,"comment_status":"open","ping_status":"open","sticky":false,"template":"","format":"standard","meta":{"footnotes":""},"categories":[49],"tags":[],"class_list":["post-15529","post","type-post","status-publish","format-standard","has-post-thumbnail","hentry","category-showbiz"],"_links":{"self":[{"href":"https:\/\/indeks.bilten.mk\/index.php?rest_route=\/wp\/v2\/posts\/15529","targetHints":{"allow":["GET"]}}],"collection":[{"href":"https:\/\/indeks.bilten.mk\/index.php?rest_route=\/wp\/v2\/posts"}],"about":[{"href":"https:\/\/indeks.bilten.mk\/index.php?rest_route=\/wp\/v2\/types\/post"}],"author":[{"embeddable":true,"href":"https:\/\/indeks.bilten.mk\/index.php?rest_route=\/wp\/v2\/users\/14"}],"replies":[{"embeddable":true,"href":"https:\/\/indeks.bilten.mk\/index.php?rest_route=%2Fwp%2Fv2%2Fcomments&post=15529"}],"version-history":[{"count":0,"href":"https:\/\/indeks.bilten.mk\/index.php?rest_route=\/wp\/v2\/posts\/15529\/revisions"}],"wp:featuredmedia":[{"embeddable":true,"href":"https:\/\/indeks.bilten.mk\/index.php?rest_route=\/wp\/v2\/media\/15530"}],"wp:attachment":[{"href":"https:\/\/indeks.bilten.mk\/index.php?rest_route=%2Fwp%2Fv2%2Fmedia&parent=15529"}],"wp:term":[{"taxonomy":"category","embeddable":true,"href":"https:\/\/indeks.bilten.mk\/index.php?rest_route=%2Fwp%2Fv2%2Fcategories&post=15529"},{"taxonomy":"post_tag","embeddable":true,"href":"https:\/\/indeks.bilten.mk\/index.php?rest_route=%2Fwp%2Fv2%2Ftags&post=15529"}],"curies":[{"name":"wp","href":"https:\/\/api.w.org\/{rel}","templated":true}]}}