{"id":15532,"date":"2023-09-01T14:42:28","date_gmt":"2023-09-01T12:42:28","guid":{"rendered":"https:\/\/indeks.mk\/?p=15532"},"modified":"2023-09-01T14:42:28","modified_gmt":"2023-09-01T12:42:28","slug":"sherr-ne-nje-familje-shqiptare-babe-e-bir-kapen-per-fe-49-vjecari-ia-djeg-rrobat-te-birit","status":"publish","type":"post","link":"https:\/\/indeks.bilten.mk\/?p=15532","title":{"rendered":"Sherr n\u00eb nj\u00eb familje shqiptare: Bab\u00eb e bir kapen p\u00ebr fe, 49-vje\u00e7ari ia djeg rrobat t\u00eb birit&#8230;"},"content":{"rendered":"<p><strong>Z\u00ebnkat mes an\u00ebtar\u00ebve t\u00eb familjes jan\u00eb t\u00eb shpeshta, por ka raste kur ato eskalojn\u00eb n\u00eb dhun\u00eb psikike e fizike ndaj nj\u00ebri-tjetri. Por nuk jan\u00eb t\u00eb rralla as rastet kur i dyshuar kryesor p\u00ebr dhun\u00eb n\u00eb familje, \u00ebsht\u00eb kryefamiljari.<\/strong><\/p>\n<p>Nj\u00eb rast i till\u00eb ka ndodhur dje n\u00eb fshatin Suhogerll\u00eb t\u00eb Istogut, ku nj\u00eb person dyshohet se ka hasur n\u00eb telashe me baban\u00eb e tij.<\/p>\n<p>Burimet e Gazet\u00ebs Sinjali brenda Prokuroris\u00eb kan\u00eb b\u00ebr\u00eb me dije se z\u00ebnka mes tyre ka nisur p\u00ebr shkak t\u00eb bindjeve fetare t\u00eb 22-vje\u00e7arit, e m\u00eb t\u00eb cilat duket se nuk \u00ebsht\u00eb pajtuar babai i tij.<\/p>\n<p>Bazuar n\u00eb d\u00ebshmin\u00eb e viktim\u00ebs, i dyshuari ia ka djegur rrobat e tij dhe situata ka eskaluar m\u00eb tej, ku 49-vje\u00e7ari dyshohet se ka hedhur benzin\u00eb n\u00eb drejtim t\u00eb t\u00eb birit.<\/p>\n<p>Si rezultat i denoncimit, i dyshuari \u00ebsht\u00eb arrestuar dhe \u00ebsht\u00eb shoq\u00ebruar n\u00eb stacion policor p\u00ebr intervistim.<\/p>\n<p>Pas p\u00ebrfundimit t\u00eb procedurave policore, Prokurori i Shtetit ka urdh\u00ebruar q\u00eb 49-vje\u00e7ari t\u00eb d\u00ebrgohet n\u00eb mbajtje n\u00ebn dyshimet p\u00ebr kryerjen e vepr\u00ebs penale \u2018Dhun\u00eb n\u00eb familje\u2019.<\/p>\n","protected":false},"excerpt":{"rendered":"<p>Z\u00ebnkat mes an\u00ebtar\u00ebve t\u00eb familjes jan\u00eb t\u00eb shpeshta, por ka raste kur ato eskalojn\u00eb n\u00eb dhun\u00eb psikike e fizike ndaj nj\u00ebri-tjetri. Por nuk jan\u00eb t\u00eb<\/p>\n","protected":false},"author":14,"featured_media":15533,"comment_status":"open","ping_status":"open","sticky":false,"template":"","format":"standard","meta":{"footnotes":""},"categories":[54],"tags":[],"class_list":["post-15532","post","type-post","status-publish","format-standard","has-post-thumbnail","hentry","category-indeks"],"_links":{"self":[{"href":"https:\/\/indeks.bilten.mk\/index.php?rest_route=\/wp\/v2\/posts\/15532","targetHints":{"allow":["GET"]}}],"collection":[{"href":"https:\/\/indeks.bilten.mk\/index.php?rest_route=\/wp\/v2\/posts"}],"about":[{"href":"https:\/\/indeks.bilten.mk\/index.php?rest_route=\/wp\/v2\/types\/post"}],"author":[{"embeddable":true,"href":"https:\/\/indeks.bilten.mk\/index.php?rest_route=\/wp\/v2\/users\/14"}],"replies":[{"embeddable":true,"href":"https:\/\/indeks.bilten.mk\/index.php?rest_route=%2Fwp%2Fv2%2Fcomments&post=15532"}],"version-history":[{"count":0,"href":"https:\/\/indeks.bilten.mk\/index.php?rest_route=\/wp\/v2\/posts\/15532\/revisions"}],"wp:featuredmedia":[{"embeddable":true,"href":"https:\/\/indeks.bilten.mk\/index.php?rest_route=\/wp\/v2\/media\/15533"}],"wp:attachment":[{"href":"https:\/\/indeks.bilten.mk\/index.php?rest_route=%2Fwp%2Fv2%2Fmedia&parent=15532"}],"wp:term":[{"taxonomy":"category","embeddable":true,"href":"https:\/\/indeks.bilten.mk\/index.php?rest_route=%2Fwp%2Fv2%2Fcategories&post=15532"},{"taxonomy":"post_tag","embeddable":true,"href":"https:\/\/indeks.bilten.mk\/index.php?rest_route=%2Fwp%2Fv2%2Ftags&post=15532"}],"curies":[{"name":"wp","href":"https:\/\/api.w.org\/{rel}","templated":true}]}}