{"id":15535,"date":"2023-09-01T14:46:04","date_gmt":"2023-09-01T12:46:04","guid":{"rendered":"https:\/\/indeks.mk\/?p=15535"},"modified":"2023-09-01T14:46:04","modified_gmt":"2023-09-01T12:46:04","slug":"pse-u-deshen-64-vjet-per-te-bere-nje-film-barbie","status":"publish","type":"post","link":"https:\/\/indeks.bilten.mk\/?p=15535","title":{"rendered":"Pse u desh\u00ebn 64 vjet p\u00ebr t\u00eb b\u00ebr\u00eb nj\u00eb film Barbie?"},"content":{"rendered":"<p><strong>Barbie \u00ebsht\u00eb lodra m\u00eb e njohur n\u00eb bot\u00eb q\u00eb nga debutimi i saj n\u00eb 1959, ku m\u00eb pas \u00ebsht\u00eb kthyer n\u00eb nj\u00eb elementet kryesor t\u00eb kultur\u00ebs si dhe n\u00eb nj\u00eb pik\u00eb kontakti p\u00ebr ikonat e pop-it.<\/strong><\/p>\n<p>E megjithat\u00eb, Barbie-t i \u00ebsht\u00eb dashur\u00a0 deri n\u00eb vitin 2023 p\u00ebr t\u00eb b\u00ebr\u00eb debutimin e saj n\u00eb filmin live-action. M\u00eb 21 korrik, kukulla do t\u00eb zbukuroj\u00eb m\u00eb n\u00eb fund ekranin e madh. Nd\u00ebrkoh\u00eb q\u00eb ka pasur nj\u00eb num\u00ebr filmash dhe serish t\u00eb animuar Barbie n\u00eb Nickelodeon dhe sh\u00ebrbimet e transmetimit, Barbie do t\u00eb jet\u00eb filmi i par\u00eb live-action me kukull\u00ebn q\u00eb luan premier\u00eb n\u00eb kinema.<\/p>\n<p>Barbie \u00ebsht\u00eb q\u00ebllimisht nj\u00eb kukull mbi t\u00eb cil\u00ebn vajzat mund t\u00eb projektojn\u00eb \u00ebndrrat dhe d\u00ebshirat e tyre. Kjo e b\u00ebn ve\u00e7an\u00ebrisht t\u00eb v\u00ebshtir\u00eb krijimin e nj\u00eb historie specifike p\u00ebr filmin.<\/p>\n<p>Kur CEO i Mattel, Ynon Kreiz mori drejtimin e kompanis\u00eb n\u00eb vitin 2018, ai vendosi se ishte koha t\u00eb angazhohej p\u00ebr nj\u00eb film Barbie. Filmi do t\u00eb ishte hyrja e par\u00eb n\u00eb nj\u00eb univers kinematografik n\u00eb zhvillim t\u00eb bazuar n\u00eb lodrat e kompanis\u00eb. N\u00eb vitin 2018, Robbie n\u00ebnshkroi p\u00ebr t\u00eb luajtur dhe producent Barbie, dhe \u00cbarner Bros njoftoi se Greta Gerwig dhe Noah Baumbach ishin bashkuar si skenarist\u00eb nj\u00eb vit m\u00eb von\u00eb.<\/p>\n<figure class=\"wp-block-image size-full\">K\u00ebtu \u00ebsht\u00eb historia se si Barbie arriti n\u00eb ekranin e madh , dhe pse iu desh kaq shum\u00eb koh\u00eb q\u00eb ajo t\u00eb arrinte k\u00ebtu.<\/figure>\n<p>Shfaqja live-action e vitit 2016 nga Amy Schumern\u00eb Comedy Central, nuk u miratua pasi ajo tallte burrat\u00a0 t\u00eb cil\u00ebt nuk e shikonin at\u00eb si \u201ct\u00ebrheq\u00ebse sa duhet\u201d dhe kompanit\u00eb q\u00eb shfryt\u00ebzonin grat\u00eb p\u00ebr t\u2019u shitur atyre produkte.<\/p>\n<p>Ishte e v\u00ebshtir\u00eb t\u00eb imagjinohej q\u00eb Mattel, nj\u00eb kompani q\u00eb kishte shpenzuar miliona p\u00ebr t\u00eb ruajtur nj\u00eb imazh t\u00eb p\u00ebrlyer p\u00ebr kukull\u00ebn e saj,\u00a0 t\u2019i n\u00ebnshtrohej humorit t\u00eb Schumer. Mattel donte q\u00eb Barbie t\u00eb frym\u00ebzonte. \u00c7do paraqitje komike n\u00eb m\u00ebnyr\u00eb t\u00eb pashmangshme do ta rr\u00ebzonte imazhin e kukull\u00ebs .<\/p>\n","protected":false},"excerpt":{"rendered":"<p>Barbie \u00ebsht\u00eb lodra m\u00eb e njohur n\u00eb bot\u00eb q\u00eb nga debutimi i saj n\u00eb 1959, ku m\u00eb pas \u00ebsht\u00eb kthyer n\u00eb nj\u00eb elementet kryesor t\u00eb<\/p>\n","protected":false},"author":14,"featured_media":15536,"comment_status":"open","ping_status":"open","sticky":false,"template":"","format":"standard","meta":{"footnotes":""},"categories":[49],"tags":[],"class_list":["post-15535","post","type-post","status-publish","format-standard","has-post-thumbnail","hentry","category-showbiz"],"_links":{"self":[{"href":"https:\/\/indeks.bilten.mk\/index.php?rest_route=\/wp\/v2\/posts\/15535","targetHints":{"allow":["GET"]}}],"collection":[{"href":"https:\/\/indeks.bilten.mk\/index.php?rest_route=\/wp\/v2\/posts"}],"about":[{"href":"https:\/\/indeks.bilten.mk\/index.php?rest_route=\/wp\/v2\/types\/post"}],"author":[{"embeddable":true,"href":"https:\/\/indeks.bilten.mk\/index.php?rest_route=\/wp\/v2\/users\/14"}],"replies":[{"embeddable":true,"href":"https:\/\/indeks.bilten.mk\/index.php?rest_route=%2Fwp%2Fv2%2Fcomments&post=15535"}],"version-history":[{"count":0,"href":"https:\/\/indeks.bilten.mk\/index.php?rest_route=\/wp\/v2\/posts\/15535\/revisions"}],"wp:featuredmedia":[{"embeddable":true,"href":"https:\/\/indeks.bilten.mk\/index.php?rest_route=\/wp\/v2\/media\/15536"}],"wp:attachment":[{"href":"https:\/\/indeks.bilten.mk\/index.php?rest_route=%2Fwp%2Fv2%2Fmedia&parent=15535"}],"wp:term":[{"taxonomy":"category","embeddable":true,"href":"https:\/\/indeks.bilten.mk\/index.php?rest_route=%2Fwp%2Fv2%2Fcategories&post=15535"},{"taxonomy":"post_tag","embeddable":true,"href":"https:\/\/indeks.bilten.mk\/index.php?rest_route=%2Fwp%2Fv2%2Ftags&post=15535"}],"curies":[{"name":"wp","href":"https:\/\/api.w.org\/{rel}","templated":true}]}}