{"id":15542,"date":"2023-09-01T17:36:34","date_gmt":"2023-09-01T15:36:34","guid":{"rendered":"https:\/\/indeks.mk\/?p=15542"},"modified":"2023-09-01T17:36:34","modified_gmt":"2023-09-01T15:36:34","slug":"kush-qendron-pas-njollosjes-se-organizimit-te-konferences-me-te-madhe-nderkombetare-ne-vend","status":"publish","type":"post","link":"https:\/\/indeks.bilten.mk\/?p=15542","title":{"rendered":"Kush q\u00ebndron pas njollosjes s\u00eb organizimit t\u00eb Konferenc\u00ebs m\u00eb t\u00eb madhe nd\u00ebrkomb\u00ebtare n\u00eb vend?"},"content":{"rendered":"<p>Nuk zgjedhen mjete p\u00ebr ta njollosur ngjarjen m\u00eb t\u00eb madhe nd\u00ebrkomb\u00ebtare q\u00eb do ta organizoj\u00eb Maqedonia e Veriut, respektivisht Ministria e Pun\u00ebve t\u00eb Jashtme, n\u00eb dhjetor t\u00eb k\u00ebtij viti. B\u00ebhet fjal\u00eb p\u00ebr Konferenc\u00ebn ku p\u00ebrfaq\u00ebsuesit e 57 vendeve an\u00ebtare t\u00eb OSBE-s\u00eb nga Vankuveri deri n\u00eb Vladivostok do t\u00eb vijn\u00eb n\u00eb Shkup.<\/p>\n<p>Burim informacioni p\u00ebr ta sulmuar t\u00eb parin e Diplomacis\u00eb, Bujar Osmani \u00ebsht\u00eb VMRO-DPMNE.<\/p>\n<p>Mediat maqedonase kan\u00eb v\u00ebrshuar faqet e tyre me akuzat se tenderi p\u00ebr adaptimin e sall\u00ebs \u201cBoris Trajkovski\u201d p\u00ebr Konferenc\u00ebn n\u00eb fjal\u00eb \u00ebsht\u00eb jo transparent dhe i \u00ebsht\u00eb dh\u00ebn\u00eb nj\u00eb kompanie shqiptare. P\u00ebrkund\u00ebr reagimeve t\u00eb MPJ-s\u00eb se tenderi i \u00ebsht\u00eb dh\u00ebn\u00eb kompanis\u00eb me ofert\u00ebn m\u00eb t\u00eb lir\u00eb akuzat nuk kan\u00eb t\u00eb ndalur.<\/p>\n<p>S\u00eb fundmi gazetari Furkan Saliu ka publikuar nj\u00eb donator t\u00eb VMRO-DPMNE-s\u00eb, q\u00eb \u00ebsht\u00eb aktiv dhe tenderfitues pothuajse n\u00eb t\u00eb gjitha komunat ku kryekomunari \u00ebsht\u00eb i partis\u00eb s\u00eb VMRO-DPMNE-s\u00eb.<\/p>\n<p>Megjithat\u00eb, t\u00eb nj\u00ebjtin informacion nuk e ka publikuar asnj\u00eb media maqedonase, me \u00e7ka shihet qart\u00eb tendenca ndaj personalitetit t\u00eb Bujar Osmanit dhe njollosjes s\u00eb kryesimit me OSBE-n\u00eb, lidership ky q\u00eb \u00ebsht\u00eb lavd\u00ebruar nga diplomat\u00eb t\u00eb vendeve me ndikim, si SHBA-ja, Kanadaja, Republika \u00c7eke&#8230;<\/p>\n<p>\u201cT\u00eb gjitha pretendimet dhe akuzat p\u00ebr gjoja ndikim politik apo ndonj\u00eb form\u00eb t\u00eb parregullsis\u00eb n\u00eb zgjedhjen e kompanis\u00eb p\u00ebr rikonstruktimin e sall\u00ebs &#8220;Boris Trajkovski&#8221; i vler\u00ebsojm\u00eb si tendencioze dhe spekulative. N\u00eb interes t\u00eb informimit transparent t\u00eb opinionit, Ministria e Pun\u00ebve t\u00eb Jashtme ndan me ju ofertat nga kat\u00ebr ofertuesit e prokurimit publik p\u00ebr rikonstruimin e Qendr\u00ebs Sportive \u201cBoris Trajkovski\u201d p\u00ebr nevojat e konferenc\u00ebs s\u00eb OSBE-s\u00eb. Theksojm\u00eb edhe nj\u00eb her\u00eb se kjo \u00ebsht\u00eb ngjarja m\u00eb e madhe politike nd\u00ebrkomb\u00ebtare q\u00eb do t\u00eb mbahet n\u00eb Shkup, ku do t\u00eb marrin pjes\u00eb rreth 70 Ministra t\u00eb Pun\u00ebve t\u00eb Jashtme nga rajoni i OSBE-s\u00eb dhe m\u00eb shum\u00eb se 1000 mysafir\u00eb.<\/p>\n<p>Si\u00e7 informuam, p\u00ebr shkak t\u00eb ndarjes ekonomike dhe efikase t\u00eb buxhetit, kusht p\u00ebr zgjedhjen e ofertuesit m\u00eb t\u00eb favorsh\u00ebm ishte \u00e7mimi m\u00eb i ul\u00ebt p\u00ebr pun\u00eb t\u00eb p\u00ebrcaktuara sakt\u00eb dhe niveli i cil\u00ebsis\u00eb s\u00eb realizimit. Nga kat\u00ebr ofertuesit, kompania e p\u00ebrzgjedhur kishte \u00e7mimin m\u00eb konkurrues t\u00eb ofruar sipas sasive t\u00eb pritshme t\u00eb parapara n\u00eb specifikacionin teknik, p\u00ebrkat\u00ebsisht: Eurovia &#8211; 93 746 070 den. (ofertuesi i zgjedhur); Kompania e dyt\u00eb &#8211; 120 668 981 den; Kompania e tret\u00eb &#8211; 134 015 461 den; Kompania e kat\u00ebrt &#8211; 374 353 297 den\u201d, thuhet n\u00eb kumtes\u00ebn e MPJ-s\u00eb.<\/p>\n","protected":false},"excerpt":{"rendered":"<p>Nuk zgjedhen mjete p\u00ebr ta njollosur ngjarjen m\u00eb t\u00eb madhe nd\u00ebrkomb\u00ebtare q\u00eb do ta organizoj\u00eb Maqedonia e Veriut, respektivisht Ministria e Pun\u00ebve t\u00eb Jashtme, n\u00eb<\/p>\n","protected":false},"author":14,"featured_media":0,"comment_status":"open","ping_status":"open","sticky":false,"template":"","format":"standard","meta":{"footnotes":""},"categories":[44],"tags":[],"class_list":["post-15542","post","type-post","status-publish","format-standard","hentry","category-maqedoni"],"_links":{"self":[{"href":"https:\/\/indeks.bilten.mk\/index.php?rest_route=\/wp\/v2\/posts\/15542","targetHints":{"allow":["GET"]}}],"collection":[{"href":"https:\/\/indeks.bilten.mk\/index.php?rest_route=\/wp\/v2\/posts"}],"about":[{"href":"https:\/\/indeks.bilten.mk\/index.php?rest_route=\/wp\/v2\/types\/post"}],"author":[{"embeddable":true,"href":"https:\/\/indeks.bilten.mk\/index.php?rest_route=\/wp\/v2\/users\/14"}],"replies":[{"embeddable":true,"href":"https:\/\/indeks.bilten.mk\/index.php?rest_route=%2Fwp%2Fv2%2Fcomments&post=15542"}],"version-history":[{"count":0,"href":"https:\/\/indeks.bilten.mk\/index.php?rest_route=\/wp\/v2\/posts\/15542\/revisions"}],"wp:attachment":[{"href":"https:\/\/indeks.bilten.mk\/index.php?rest_route=%2Fwp%2Fv2%2Fmedia&parent=15542"}],"wp:term":[{"taxonomy":"category","embeddable":true,"href":"https:\/\/indeks.bilten.mk\/index.php?rest_route=%2Fwp%2Fv2%2Fcategories&post=15542"},{"taxonomy":"post_tag","embeddable":true,"href":"https:\/\/indeks.bilten.mk\/index.php?rest_route=%2Fwp%2Fv2%2Ftags&post=15542"}],"curies":[{"name":"wp","href":"https:\/\/api.w.org\/{rel}","templated":true}]}}