{"id":15544,"date":"2023-09-01T20:12:55","date_gmt":"2023-09-01T18:12:55","guid":{"rendered":"https:\/\/indeks.mk\/?p=15544"},"modified":"2023-09-01T20:12:55","modified_gmt":"2023-09-01T18:12:55","slug":"nje-vajze-me-shami-sot-nuk-u-lejua-ne-nje-shkolle-reagon-imami-labinot-maliqi","status":"publish","type":"post","link":"https:\/\/indeks.bilten.mk\/?p=15544","title":{"rendered":"Nj\u00eb vajz\u00eb me shami sot nuk u lejua n\u00eb nj\u00eb shkoll\u00eb, reagon imami Labinot Maliqi"},"content":{"rendered":"<p>Imami, Labinot Maliqi ka reaguar p\u00ebr rastin e nj\u00eb vajze n\u00eb Gjakov\u00eb, e cila nuk \u00ebsht\u00eb lejuar sot t\u00eb vijon m\u00ebsimin p\u00ebr shkak t\u00eb bartjes s\u00eb shamis\u00eb, jam n\u00eb dijeni p\u00ebr t\u00eb.<\/p>\n<p>\u201cDo t\u00eb rregullohet brenda jav\u00ebs tjet\u00ebr, inshaAllah. Ju ftoj t\u00eb keni vet\u00ebp\u00ebrmbajtje, dhe t\u00eb mos silleni sikur jeni minoritet dhe t\u00eb dob\u00ebt, sepse nuk jemi t\u00eb till\u00eb. Askush nuk do t\u00eb mund t\u2019i p\u00ebrjashtoj vajzat nga shkollat publike t\u00eb Kosov\u00ebs, vet\u00ebm p\u00ebr shkak se ato e bartin shamin\u00eb n\u00eb kokat e tyre. ASKUSH! Ligji \u00ebsht\u00eb n\u00eb an\u00ebn tone\u201d, ka th\u00ebn\u00eb ai.<\/p>\n<p>Ndryshe, burime t\u00eb Indeksonline b\u00ebjn\u00eb t\u00eb ditur se rasti ka ndodhur n\u00eb shkoll\u00ebn \u201cHajdar Dushi\u201d n\u00eb Gjakov\u00eb.<\/p>\n","protected":false},"excerpt":{"rendered":"<p>Imami, Labinot Maliqi ka reaguar p\u00ebr rastin e nj\u00eb vajze n\u00eb Gjakov\u00eb, e cila nuk \u00ebsht\u00eb lejuar sot t\u00eb vijon m\u00ebsimin p\u00ebr shkak t\u00eb bartjes<\/p>\n","protected":false},"author":14,"featured_media":15505,"comment_status":"open","ping_status":"open","sticky":false,"template":"","format":"standard","meta":{"footnotes":""},"categories":[45],"tags":[],"class_list":["post-15544","post","type-post","status-publish","format-standard","has-post-thumbnail","hentry","category-rajoni"],"_links":{"self":[{"href":"https:\/\/indeks.bilten.mk\/index.php?rest_route=\/wp\/v2\/posts\/15544","targetHints":{"allow":["GET"]}}],"collection":[{"href":"https:\/\/indeks.bilten.mk\/index.php?rest_route=\/wp\/v2\/posts"}],"about":[{"href":"https:\/\/indeks.bilten.mk\/index.php?rest_route=\/wp\/v2\/types\/post"}],"author":[{"embeddable":true,"href":"https:\/\/indeks.bilten.mk\/index.php?rest_route=\/wp\/v2\/users\/14"}],"replies":[{"embeddable":true,"href":"https:\/\/indeks.bilten.mk\/index.php?rest_route=%2Fwp%2Fv2%2Fcomments&post=15544"}],"version-history":[{"count":0,"href":"https:\/\/indeks.bilten.mk\/index.php?rest_route=\/wp\/v2\/posts\/15544\/revisions"}],"wp:featuredmedia":[{"embeddable":true,"href":"https:\/\/indeks.bilten.mk\/index.php?rest_route=\/wp\/v2\/media\/15505"}],"wp:attachment":[{"href":"https:\/\/indeks.bilten.mk\/index.php?rest_route=%2Fwp%2Fv2%2Fmedia&parent=15544"}],"wp:term":[{"taxonomy":"category","embeddable":true,"href":"https:\/\/indeks.bilten.mk\/index.php?rest_route=%2Fwp%2Fv2%2Fcategories&post=15544"},{"taxonomy":"post_tag","embeddable":true,"href":"https:\/\/indeks.bilten.mk\/index.php?rest_route=%2Fwp%2Fv2%2Ftags&post=15544"}],"curies":[{"name":"wp","href":"https:\/\/api.w.org\/{rel}","templated":true}]}}