{"id":15546,"date":"2023-09-01T20:23:41","date_gmt":"2023-09-01T18:23:41","guid":{"rendered":"https:\/\/indeks.mk\/?p=15546"},"modified":"2023-09-01T20:25:37","modified_gmt":"2023-09-01T18:25:37","slug":"me-mungon-cdo-dite-me-shume-adelina-ismaili-perlot-me-dedikimin-prekes-per-nenen-e-ndjere","status":"publish","type":"post","link":"https:\/\/indeks.bilten.mk\/?p=15546","title":{"rendered":"&#8220;M\u00eb mungon \u00e7do dit\u00eb m\u00eb shum\u00eb&#8230;&#8221;, Adelina Ismaili p\u00ebrlot me dedikimin prek\u00ebs p\u00ebr n\u00ebn\u00ebn e ndjer\u00eb"},"content":{"rendered":"<p>Pop Diva, Adelina Ismaili ka p\u00ebrkujtuar sot n\u00ebn\u00ebn e saj t\u00eb ndjer\u00eb, Mon\u00ebn, me rastin e dit\u00eblindjes s\u00eb saj.<\/p>\n<p>Adelina p\u00ebrmes nj\u00eb dedikimi emocionues shkruan: \u201cUrime dit\u00eblindjen mami. M\u00eb mungon \u00e7do dit\u00eb m\u00eb shum\u00eb\u201d.<\/p>\n<p>Kujtojm\u00eb se Mona Ismaili nd\u00ebrroi jet\u00eb n\u00eb vitin 2016 n\u00eb mosh\u00eb t\u00eb re.<\/p>\n<p>Ajo njihej si n\u00ebna e artisteve, Adelina e Zanfina dhe si menaxherja e par\u00eb fem\u00ebr n\u00eb bot\u00ebn e showbiznesit shqiptar.<\/p>\n<p><img loading=\"lazy\" decoding=\"async\" class=\"alignnone size-medium wp-image-15547\" src=\"https:\/\/indeks.mk\/wp-content\/uploads\/2023\/09\/ad1-193x300.jpg\" alt=\"\" width=\"193\" height=\"300\" \/><\/p>\n","protected":false},"excerpt":{"rendered":"<p>Pop Diva, Adelina Ismaili ka p\u00ebrkujtuar sot n\u00ebn\u00ebn e saj t\u00eb ndjer\u00eb, Mon\u00ebn, me rastin e dit\u00eblindjes s\u00eb saj. Adelina p\u00ebrmes nj\u00eb dedikimi emocionues shkruan:<\/p>\n","protected":false},"author":14,"featured_media":15548,"comment_status":"open","ping_status":"open","sticky":false,"template":"","format":"standard","meta":{"footnotes":""},"categories":[49],"tags":[],"class_list":["post-15546","post","type-post","status-publish","format-standard","has-post-thumbnail","hentry","category-showbiz"],"_links":{"self":[{"href":"https:\/\/indeks.bilten.mk\/index.php?rest_route=\/wp\/v2\/posts\/15546","targetHints":{"allow":["GET"]}}],"collection":[{"href":"https:\/\/indeks.bilten.mk\/index.php?rest_route=\/wp\/v2\/posts"}],"about":[{"href":"https:\/\/indeks.bilten.mk\/index.php?rest_route=\/wp\/v2\/types\/post"}],"author":[{"embeddable":true,"href":"https:\/\/indeks.bilten.mk\/index.php?rest_route=\/wp\/v2\/users\/14"}],"replies":[{"embeddable":true,"href":"https:\/\/indeks.bilten.mk\/index.php?rest_route=%2Fwp%2Fv2%2Fcomments&post=15546"}],"version-history":[{"count":0,"href":"https:\/\/indeks.bilten.mk\/index.php?rest_route=\/wp\/v2\/posts\/15546\/revisions"}],"wp:featuredmedia":[{"embeddable":true,"href":"https:\/\/indeks.bilten.mk\/index.php?rest_route=\/wp\/v2\/media\/15548"}],"wp:attachment":[{"href":"https:\/\/indeks.bilten.mk\/index.php?rest_route=%2Fwp%2Fv2%2Fmedia&parent=15546"}],"wp:term":[{"taxonomy":"category","embeddable":true,"href":"https:\/\/indeks.bilten.mk\/index.php?rest_route=%2Fwp%2Fv2%2Fcategories&post=15546"},{"taxonomy":"post_tag","embeddable":true,"href":"https:\/\/indeks.bilten.mk\/index.php?rest_route=%2Fwp%2Fv2%2Ftags&post=15546"}],"curies":[{"name":"wp","href":"https:\/\/api.w.org\/{rel}","templated":true}]}}