{"id":15551,"date":"2023-09-02T09:39:39","date_gmt":"2023-09-02T07:39:39","guid":{"rendered":"https:\/\/indeks.mk\/?p=15551"},"modified":"2023-09-02T09:39:39","modified_gmt":"2023-09-02T07:39:39","slug":"ali-ahmeti-dhe-ministrat-e-bdi-se-sot-qendrojne-per-vizite-ne-kosove","status":"publish","type":"post","link":"https:\/\/indeks.bilten.mk\/?p=15551","title":{"rendered":"Ali Ahmeti dhe ministrat e BDI-s\u00eb, sot q\u00ebndrojn\u00eb p\u00ebr vizit\u00eb n\u00eb Kosov\u00eb"},"content":{"rendered":"<p>Lideri i Bashkimit Demokratik p\u00ebr Integrim (BDI), Ali Ahmeti, sot do t\u00eb vizitoj\u00eb fabrik\u00ebn \u201cComodita\u201d n\u00eb Gjakov\u00eb.<\/p>\n<p>Pjes\u00eb e k\u00ebsaj vizite pritet t\u00eb jen\u00eb edhe kryetari i Kuvendit t\u00eb Maqedonis\u00eb s\u00eb Veriut, Talat Xhaferi, Z\u00ebvend\u00ebskryeministri i par\u00eb, Artan Grubi, Ministri i Finansave, Fatmir Besimi, Ministri i Ekonomis\u00eb, Kreshnik Bekteshi, Ministri i Arsimit dhe Shkenc\u00ebs, Jeton Shaqiri, Ministri i Jasht\u00ebm, Bujar Osmani, si dhe shefi i grupit parlamentar, Arb\u00ebr Ademi.<\/p>\n<p>Vizita pritet q\u00eb t\u00eb zhvillohet me fillim nga ora 13:00.<\/p>\n","protected":false},"excerpt":{"rendered":"<p>Lideri i Bashkimit Demokratik p\u00ebr Integrim (BDI), Ali Ahmeti, sot do t\u00eb vizitoj\u00eb fabrik\u00ebn \u201cComodita\u201d n\u00eb Gjakov\u00eb. Pjes\u00eb e k\u00ebsaj vizite pritet t\u00eb jen\u00eb edhe<\/p>\n","protected":false},"author":14,"featured_media":15495,"comment_status":"open","ping_status":"open","sticky":false,"template":"","format":"standard","meta":{"footnotes":""},"categories":[44,45],"tags":[],"class_list":["post-15551","post","type-post","status-publish","format-standard","has-post-thumbnail","hentry","category-maqedoni","category-rajoni"],"_links":{"self":[{"href":"https:\/\/indeks.bilten.mk\/index.php?rest_route=\/wp\/v2\/posts\/15551","targetHints":{"allow":["GET"]}}],"collection":[{"href":"https:\/\/indeks.bilten.mk\/index.php?rest_route=\/wp\/v2\/posts"}],"about":[{"href":"https:\/\/indeks.bilten.mk\/index.php?rest_route=\/wp\/v2\/types\/post"}],"author":[{"embeddable":true,"href":"https:\/\/indeks.bilten.mk\/index.php?rest_route=\/wp\/v2\/users\/14"}],"replies":[{"embeddable":true,"href":"https:\/\/indeks.bilten.mk\/index.php?rest_route=%2Fwp%2Fv2%2Fcomments&post=15551"}],"version-history":[{"count":0,"href":"https:\/\/indeks.bilten.mk\/index.php?rest_route=\/wp\/v2\/posts\/15551\/revisions"}],"wp:featuredmedia":[{"embeddable":true,"href":"https:\/\/indeks.bilten.mk\/index.php?rest_route=\/wp\/v2\/media\/15495"}],"wp:attachment":[{"href":"https:\/\/indeks.bilten.mk\/index.php?rest_route=%2Fwp%2Fv2%2Fmedia&parent=15551"}],"wp:term":[{"taxonomy":"category","embeddable":true,"href":"https:\/\/indeks.bilten.mk\/index.php?rest_route=%2Fwp%2Fv2%2Fcategories&post=15551"},{"taxonomy":"post_tag","embeddable":true,"href":"https:\/\/indeks.bilten.mk\/index.php?rest_route=%2Fwp%2Fv2%2Ftags&post=15551"}],"curies":[{"name":"wp","href":"https:\/\/api.w.org\/{rel}","templated":true}]}}