{"id":15553,"date":"2023-09-02T10:16:35","date_gmt":"2023-09-02T08:16:35","guid":{"rendered":"https:\/\/indeks.mk\/?p=15553"},"modified":"2023-09-02T10:16:35","modified_gmt":"2023-09-02T08:16:35","slug":"termet-ne-shqiperi-ja-ku-ishte-epiqendra","status":"publish","type":"post","link":"https:\/\/indeks.bilten.mk\/?p=15553","title":{"rendered":"T\u00ebrmet n\u00eb Shqip\u00ebri, ja ku ishte epiqendra&#8230;"},"content":{"rendered":"<p>L\u00ebkundje sizmike jan\u00eb ndjer\u00eb m\u00ebngjesin e k\u00ebsaj t\u00eb shtune n\u00eb juglindje t\u00eb vendit.<\/p>\n<p>Sipas institutit t\u00eb GjeoShkencave t\u00ebrmeti ka patur epiqendr\u00ebn e tij 20 KM larg qytetit t\u00eb Ersek\u00ebs, vend ku dhe \u00ebsht\u00eb ndjer\u00eb m\u00eb tep\u00ebr.<\/p>\n<p><img decoding=\"async\" src=\"https:\/\/www.gazetaexpress.com\/wp-content\/uploads\/2023\/09\/image-542x600.jpeg\" \/><!--more--><\/p>\n<figure class=\"wp-block-image size-large\"><img decoding=\"async\" class=\"wp-image-2180595\" src=\"https:\/\/www.gazetaexpress.com\/wp-content\/uploads\/2023\/09\/image-542x600.jpeg\" sizes=\"(max-width: 542px) 100vw, 542px\" srcset=\"https:\/\/www.gazetaexpress.com\/wp-content\/uploads\/2023\/09\/image-542x600.jpeg 542w, https:\/\/www.gazetaexpress.com\/wp-content\/uploads\/2023\/09\/image-271x300.jpeg 271w, https:\/\/www.gazetaexpress.com\/wp-content\/uploads\/2023\/09\/image-166x184.jpeg 166w, https:\/\/www.gazetaexpress.com\/wp-content\/uploads\/2023\/09\/image.jpeg 640w\" alt=\"\" \/><\/figure>\n<p>&nbsp;<\/p>\n<p>&nbsp;<\/p>\n<div class=\"lm-zs-enabled overlay-plain\" data-lm-zs-src=\"[&quot;https:\/\/www.gazetaexpress.com\/wp-content\/uploads\/2023\/09\/Bujar-osamni.png&quot;, &quot;https:\/\/www.gazetaexpress.com\/wp-content\/uploads\/2023\/09\/Maria-GABRIEL-768x476-1.jpg&quot;, &quot;https:\/\/www.gazetaexpress.com\/wp-content\/uploads\/2021\/01\/taylor-swift.jpg&quot;, &quot;https:\/\/www.gazetaexpress.com\/wp-content\/uploads\/2023\/09\/SmartSelect_20230902_100108_Chrome.jpg&quot;]\">\n<div class=\"lm-zs-slideshow\">\n<div class=\"lm-click-for-story\">\n<div class=\"lm-click-for-left-story\"><\/div>\n<\/div>\n<\/div>\n<\/div>\n","protected":false},"excerpt":{"rendered":"<p>L\u00ebkundje sizmike jan\u00eb ndjer\u00eb m\u00ebngjesin e k\u00ebsaj t\u00eb shtune n\u00eb juglindje t\u00eb vendit. Sipas institutit t\u00eb GjeoShkencave t\u00ebrmeti ka patur epiqendr\u00ebn e tij 20 KM<\/p>\n","protected":false},"author":14,"featured_media":0,"comment_status":"open","ping_status":"open","sticky":false,"template":"","format":"standard","meta":{"footnotes":""},"categories":[45],"tags":[],"class_list":["post-15553","post","type-post","status-publish","format-standard","hentry","category-rajoni"],"_links":{"self":[{"href":"https:\/\/indeks.bilten.mk\/index.php?rest_route=\/wp\/v2\/posts\/15553","targetHints":{"allow":["GET"]}}],"collection":[{"href":"https:\/\/indeks.bilten.mk\/index.php?rest_route=\/wp\/v2\/posts"}],"about":[{"href":"https:\/\/indeks.bilten.mk\/index.php?rest_route=\/wp\/v2\/types\/post"}],"author":[{"embeddable":true,"href":"https:\/\/indeks.bilten.mk\/index.php?rest_route=\/wp\/v2\/users\/14"}],"replies":[{"embeddable":true,"href":"https:\/\/indeks.bilten.mk\/index.php?rest_route=%2Fwp%2Fv2%2Fcomments&post=15553"}],"version-history":[{"count":0,"href":"https:\/\/indeks.bilten.mk\/index.php?rest_route=\/wp\/v2\/posts\/15553\/revisions"}],"wp:attachment":[{"href":"https:\/\/indeks.bilten.mk\/index.php?rest_route=%2Fwp%2Fv2%2Fmedia&parent=15553"}],"wp:term":[{"taxonomy":"category","embeddable":true,"href":"https:\/\/indeks.bilten.mk\/index.php?rest_route=%2Fwp%2Fv2%2Fcategories&post=15553"},{"taxonomy":"post_tag","embeddable":true,"href":"https:\/\/indeks.bilten.mk\/index.php?rest_route=%2Fwp%2Fv2%2Ftags&post=15553"}],"curies":[{"name":"wp","href":"https:\/\/api.w.org\/{rel}","templated":true}]}}