{"id":15555,"date":"2023-09-02T11:29:10","date_gmt":"2023-09-02T09:29:10","guid":{"rendered":"https:\/\/indeks.mk\/?p=15555"},"modified":"2023-09-02T11:29:10","modified_gmt":"2023-09-02T09:29:10","slug":"cka-fshihet-pas-sulmeve-kunder-bdi-se-dhe-kuadrove-te-saj","status":"publish","type":"post","link":"https:\/\/indeks.bilten.mk\/?p=15555","title":{"rendered":"\u00c7ka fshihet pas sulmeve kund\u00ebr BDI-s\u00eb dhe kuadrove t\u00eb saj"},"content":{"rendered":"<p>\u201cK\u00ebto dit\u00eb n\u00eb qend\u00ebr t\u00eb v\u00ebmendjes \u00ebsht\u00eb tenderi p\u00ebr p\u00ebrshtatjen e sall\u00ebs \u201cBoris Trajkovski\u201d p\u00ebr nevojat e takimit ministror t\u00eb OSBE-s\u00eb, i cili do t\u00eb mbahet n\u00eb vjesht\u00eb n\u00eb Shkup. Kompania e p\u00ebrzgjedhur \u201cEurovia\u201d fitoi sepse \u201cofroi \u00e7mimin m\u00eb t\u00eb ul\u00ebt, q\u00eb \u00ebsht\u00eb kriteri i vet\u00ebm q\u00eb ajo t\u00eb pranohet nga Ministria e Jashtme. \u00c7do zgjedhje tjet\u00ebr do t\u00eb ishte shkelje e ligjit dhe d\u00ebmtim i buxhetit\u201d- tha shefi i diplomacis\u00eb, Bujar Osmani, duke b\u00ebr\u00eb t\u00eb ditur se i gjith\u00eb dokumentacioni do t\u00eb dor\u00ebzohet n\u00eb t\u00eb gjitha institucionet kompetente.<\/p>\n<p>Konferenca ministrore e OSBE-s\u00eb, n\u00eb dhjetor n\u00eb Maqedonin\u00eb e Veriut, do t\u00eb jet\u00eb ngjarja m\u00eb e madhe dhe suksesi m\u00eb i madh nd\u00ebrkomb\u00ebtar i vendit, natyrisht edhe merit\u00eb e Bujar Osmanit. Shkupi pritet t\u00eb jet\u00eb vendi ku do t\u00eb takohen p\u00ebr her\u00eb t\u00eb par\u00eb pas shum\u00eb vitesh Sekretari Amerikan i Shtetit, Entoni Blinken dhe Ministri i Jasht\u00ebm rus, Sergej Lavrov. Nikoqiri i tyre do t\u00eb jet\u00eb Bujar Osmani.<\/p>\n<p>Gazetari i njohur Seladin Xhezairi n\u00eb analiz\u00ebn e tij t\u00eb fundit shkruan:<\/p>\n<p>\u201cRasti \u201cEurovia\u201d \u00ebsht\u00eb d\u00ebshmi se n\u00eb prag t\u00eb zgjedhjeve parlamentare, ekzistenca e t\u00eb ashtuquajtur\u00ebs \u201cqendra hibride, politiko-ekonomike, kund\u00ebr BDI-s\u00eb\u201d nuk \u00ebsht\u00eb shpikje e liderit t\u00eb saj Ali Ahmeti, por di\u00e7ka q\u00eb, duke ndjekur \u201cspin-at\u201d e ndryshme, po merr hov gjithnj\u00eb e m\u00eb shum\u00eb. Natyrisht, q\u00ebllimi \u00ebsht\u00eb t\u00eb eliminohet pozita e partis\u00eb m\u00eb t\u00eb madhe t\u00eb shqiptar\u00ebve dhe kjo mund t\u00eb arrihet pik\u00ebrisht duke shpifur p\u00ebr kuadrot m\u00eb t\u00eb shquara t\u00eb saj (p\u00ebrve\u00e7 Osmanit, k\u00ebtu \u00ebsht\u00eb n\u00ebnkryetari i par\u00eb i Qeveris\u00eb, Grubi, kryetari i Kuvendit t\u00eb RMV-s\u00eb, dhe t\u00eb mos harrojm\u00eb marr\u00ebveshjen Ahmeti-Zaev p\u00ebr postin e kryeministrit shqiptar). N\u00eb t\u00eb nj\u00ebjt\u00ebn koh\u00eb, qendra hibride mir\u00ebpret laramanin\u00eb e partive n\u00eb bllokun opozitar shqiptar, t\u00eb ndar\u00eb n\u00eb 7-8 parti, nga \u00ebndrra q\u00eb nes\u00ebr (kur VMRO-DPMNE t\u00eb fitoj\u00eb zgjedhjet) t\u00eb gjejn\u00eb \u201cnj\u00eb vend n\u00ebn diell\u201d\u201d.<\/p>\n<p>Sipas Xhezairit, deri n\u00eb zgjedhjet e ardhshme goditjet sigurisht do t\u00eb pasojn\u00eb edhe n\u00eb disa shtylla t\u00eb tjera: oligarkia e biznesit prej koh\u00ebsh prodhon aktivisht inflacion fiktiv p\u00ebr t\u00eb minuar kontrollin ndaj tregut q\u00eb mban ministri i Ekonomis\u00eb &#8211; Kreshnik Bekteshi.<\/p>\n<p>Nuk p\u00ebrjashtohet q\u00eb edhe kryeparlamentari, Xhaferi, t\u00eb jet\u00eb n\u00eb qend\u00ebr t\u00eb v\u00ebmendjes.<\/p>\n","protected":false},"excerpt":{"rendered":"<p>\u201cK\u00ebto dit\u00eb n\u00eb qend\u00ebr t\u00eb v\u00ebmendjes \u00ebsht\u00eb tenderi p\u00ebr p\u00ebrshtatjen e sall\u00ebs \u201cBoris Trajkovski\u201d p\u00ebr nevojat e takimit ministror t\u00eb OSBE-s\u00eb, i cili do t\u00eb<\/p>\n","protected":false},"author":14,"featured_media":0,"comment_status":"open","ping_status":"open","sticky":false,"template":"","format":"standard","meta":{"footnotes":""},"categories":[47],"tags":[],"class_list":["post-15555","post","type-post","status-publish","format-standard","hentry","category-opinione"],"_links":{"self":[{"href":"https:\/\/indeks.bilten.mk\/index.php?rest_route=\/wp\/v2\/posts\/15555","targetHints":{"allow":["GET"]}}],"collection":[{"href":"https:\/\/indeks.bilten.mk\/index.php?rest_route=\/wp\/v2\/posts"}],"about":[{"href":"https:\/\/indeks.bilten.mk\/index.php?rest_route=\/wp\/v2\/types\/post"}],"author":[{"embeddable":true,"href":"https:\/\/indeks.bilten.mk\/index.php?rest_route=\/wp\/v2\/users\/14"}],"replies":[{"embeddable":true,"href":"https:\/\/indeks.bilten.mk\/index.php?rest_route=%2Fwp%2Fv2%2Fcomments&post=15555"}],"version-history":[{"count":0,"href":"https:\/\/indeks.bilten.mk\/index.php?rest_route=\/wp\/v2\/posts\/15555\/revisions"}],"wp:attachment":[{"href":"https:\/\/indeks.bilten.mk\/index.php?rest_route=%2Fwp%2Fv2%2Fmedia&parent=15555"}],"wp:term":[{"taxonomy":"category","embeddable":true,"href":"https:\/\/indeks.bilten.mk\/index.php?rest_route=%2Fwp%2Fv2%2Fcategories&post=15555"},{"taxonomy":"post_tag","embeddable":true,"href":"https:\/\/indeks.bilten.mk\/index.php?rest_route=%2Fwp%2Fv2%2Ftags&post=15555"}],"curies":[{"name":"wp","href":"https:\/\/api.w.org\/{rel}","templated":true}]}}