{"id":15557,"date":"2023-09-02T13:43:26","date_gmt":"2023-09-02T11:43:26","guid":{"rendered":"https:\/\/indeks.mk\/?p=15557"},"modified":"2023-09-02T13:43:26","modified_gmt":"2023-09-02T11:43:26","slug":"ali-ahmeti-me-bashkepunetore-priten-ne-comodita-gjakove-video","status":"publish","type":"post","link":"https:\/\/indeks.bilten.mk\/?p=15557","title":{"rendered":"Ali Ahmeti me bashk\u00ebpun\u00ebtor\u00eb priten n\u00eb Comodita-Gjakov\u00eb (VIDEO)"},"content":{"rendered":"<div class=\"fixed-social\">\n<p>Delegacioni i lart\u00eb i politikan\u00ebve shqiptar\u00eb nga Maqedonia e Veriut, me n\u00eb krye Ali Ahmetin, ka arritur n\u00eb ambientet e fabrik\u00ebs Comodita.<\/p>\n<\/div>\n<div class=\"readmore-content\">\n<p>Ata jan\u00eb pritur nga pronari i Devolli Corporation, Shk\u00eblqim Devolli si dhe drejtuesit dhe stafi i fabrik\u00ebs, njofton KlanKosova.tv.<\/p>\n<p>Pjes\u00eb e k\u00ebsaj vizite jan\u00eb edhe kryetari i Kuvendit t\u00eb Maqedonis\u00eb s\u00eb Veriut, Talat Xhaferi, z\u00ebvend\u00ebskryeministri i par\u00eb, Artan Grubi si dhe ministra t\u00eb tjer\u00eb shqiptar\u00eb t\u00eb\u00a0<a href=\"https:\/\/klankosova.tv\/delegacion-i-larte-i-shqiptareve-nga-maqedonia-e-veriut-viziton-sot-comoditen\/\">Qeveris\u00eb s\u00eb Maqedonis\u00eb s\u00eb Veriut<\/a>.<\/p>\n<p><a href=\"https:\/\/klankosova.tv\/wp-content\/uploads\/2023\/09\/Pritja.jpg\"><img loading=\"lazy\" decoding=\"async\" class=\"alignnone size-large wp-image-2121499\" src=\"https:\/\/klankosova.tv\/wp-content\/uploads\/2023\/09\/Pritja-1024x768.jpg\" sizes=\"auto, (max-width: 640px) 100vw, 640px\" srcset=\"https:\/\/klankosova.tv\/wp-content\/uploads\/2023\/09\/Pritja-1024x768.jpg 1024w, https:\/\/klankosova.tv\/wp-content\/uploads\/2023\/09\/Pritja-300x225.jpg 300w, https:\/\/klankosova.tv\/wp-content\/uploads\/2023\/09\/Pritja-768x576.jpg 768w, https:\/\/klankosova.tv\/wp-content\/uploads\/2023\/09\/Pritja-1536x1152.jpg 1536w, https:\/\/klankosova.tv\/wp-content\/uploads\/2023\/09\/Pritja.jpg 2048w\" alt=\"Comodita\" width=\"640\" height=\"480\" \/><\/a><br \/>\n<a href=\"https:\/\/klankosova.tv\/wp-content\/uploads\/2023\/09\/A%E2%81%AEhmeti-Comodita.jpg\"><img loading=\"lazy\" decoding=\"async\" class=\"alignnone size-large wp-image-2121501\" src=\"https:\/\/klankosova.tv\/wp-content\/uploads\/2023\/09\/A%E2%81%AEhmeti-Comodita-1024x768.jpg\" sizes=\"auto, (max-width: 640px) 100vw, 640px\" srcset=\"https:\/\/klankosova.tv\/wp-content\/uploads\/2023\/09\/A\u206ehmeti-Comodita-1024x768.jpg 1024w, https:\/\/klankosova.tv\/wp-content\/uploads\/2023\/09\/A\u206ehmeti-Comodita-300x225.jpg 300w, https:\/\/klankosova.tv\/wp-content\/uploads\/2023\/09\/A\u206ehmeti-Comodita-768x576.jpg 768w, https:\/\/klankosova.tv\/wp-content\/uploads\/2023\/09\/A\u206ehmeti-Comodita-1536x1152.jpg 1536w, https:\/\/klankosova.tv\/wp-content\/uploads\/2023\/09\/A\u206ehmeti-Comodita.jpg 2048w\" alt=\"\" width=\"640\" height=\"480\" \/><\/a><br \/>\n<iframe loading=\"lazy\" title=\"Ali Ahmeti me bashk\u00ebpun\u00ebtor\u00eb priten n\u00eb Comodita\" src=\"https:\/\/www.youtube.com\/embed\/pzjZoQgyKHY?feature=oembed\" width=\"640\" height=\"360\" frameborder=\"0\" allowfullscreen=\"allowfullscreen\" data-mce-fragment=\"1\"><\/iframe><\/p>\n<\/div>\n","protected":false},"excerpt":{"rendered":"<p>Delegacioni i lart\u00eb i politikan\u00ebve shqiptar\u00eb nga Maqedonia e Veriut, me n\u00eb krye Ali Ahmetin, ka arritur n\u00eb ambientet e fabrik\u00ebs Comodita. Ata jan\u00eb pritur<\/p>\n","protected":false},"author":14,"featured_media":15558,"comment_status":"open","ping_status":"open","sticky":false,"template":"","format":"standard","meta":{"footnotes":""},"categories":[44,45],"tags":[],"class_list":["post-15557","post","type-post","status-publish","format-standard","has-post-thumbnail","hentry","category-maqedoni","category-rajoni"],"_links":{"self":[{"href":"https:\/\/indeks.bilten.mk\/index.php?rest_route=\/wp\/v2\/posts\/15557","targetHints":{"allow":["GET"]}}],"collection":[{"href":"https:\/\/indeks.bilten.mk\/index.php?rest_route=\/wp\/v2\/posts"}],"about":[{"href":"https:\/\/indeks.bilten.mk\/index.php?rest_route=\/wp\/v2\/types\/post"}],"author":[{"embeddable":true,"href":"https:\/\/indeks.bilten.mk\/index.php?rest_route=\/wp\/v2\/users\/14"}],"replies":[{"embeddable":true,"href":"https:\/\/indeks.bilten.mk\/index.php?rest_route=%2Fwp%2Fv2%2Fcomments&post=15557"}],"version-history":[{"count":0,"href":"https:\/\/indeks.bilten.mk\/index.php?rest_route=\/wp\/v2\/posts\/15557\/revisions"}],"wp:featuredmedia":[{"embeddable":true,"href":"https:\/\/indeks.bilten.mk\/index.php?rest_route=\/wp\/v2\/media\/15558"}],"wp:attachment":[{"href":"https:\/\/indeks.bilten.mk\/index.php?rest_route=%2Fwp%2Fv2%2Fmedia&parent=15557"}],"wp:term":[{"taxonomy":"category","embeddable":true,"href":"https:\/\/indeks.bilten.mk\/index.php?rest_route=%2Fwp%2Fv2%2Fcategories&post=15557"},{"taxonomy":"post_tag","embeddable":true,"href":"https:\/\/indeks.bilten.mk\/index.php?rest_route=%2Fwp%2Fv2%2Ftags&post=15557"}],"curies":[{"name":"wp","href":"https:\/\/api.w.org\/{rel}","templated":true}]}}