{"id":15560,"date":"2023-09-02T14:43:16","date_gmt":"2023-09-02T12:43:16","guid":{"rendered":"https:\/\/indeks.mk\/?p=15560"},"modified":"2023-09-02T14:43:16","modified_gmt":"2023-09-02T12:43:16","slug":"feja-islame-me-mesoi-ta-dua-familjen-fero-i-kerkon-falje-arbenites-pasi-ushtroi-dhune","status":"publish","type":"post","link":"https:\/\/indeks.bilten.mk\/?p=15560","title":{"rendered":"\u201cFeja Islame m\u00eb m\u00ebsoi ta dua familjen,\u201d Fero i k\u00ebrkon falje Arbenit\u00ebs pasi ushtroi dhun\u00eb&#8230;"},"content":{"rendered":"<div class=\"entry-content\">\n<p>Pas \u2018sherrit\u2019 me Arbenit\u00ebn, Fero ka folur p\u00ebr her\u00eb t\u00eb par\u00eb publikisht.<\/p>\n<p>I ftuar n\u00eb emisionin \u201cKujshia Show\u201d, Fero nd\u00ebr t\u00eb tjera ka folur p\u00ebr largimin e tij nga muzika, p\u00ebr p\u00ebrkushtimin e tij ndaj fes\u00eb islame, si dhe u k\u00ebrkoi falje t\u00eb gjith\u00eb personave q\u00eb ndonj\u00ebher\u00eb iu ka b\u00ebr\u00eb padrejt\u00ebsi.<\/p>\n<div class=\"ad-wrap\">\n<div>Fero u shpreh se tani e do bashk\u00ebshorten e tij 200 her\u00eb m\u00eb shum\u00eb sesa m\u00eb par\u00eb.<\/div>\n<div><\/div>\n<\/div>\n<div class=\"ad-wrap\">\n<div>\n<div id=\"iframe-wrapper-1222176183223\">\u201cE kam dashur n\u00ebn\u00ebn tim, e kam dashur familjen time. Ndoshta nuk kam ditur se si t\u00eb sillem me familjen time me n\u00ebn\u00ebn tim dhe njer\u00ebzit, por islami tani m\u00eb ka m\u00ebsuar q\u00eb t\u00eb jem shembullor\u00eb. Tani q\u00eb e kam kuptuar fen\u00eb, n\u00ebse n\u00ebn\u00eb time e kam dashur nj\u00eb her\u00eb tani e dua 100 her\u00eb, n\u00ebse gruan time e kam dashur 2 her\u00eb tani e dua 200 her\u00eb, n\u00ebse babain tim e kam dashur 3 her\u00eb tani e dua 300 her\u00eb. \u00c7do njeri q\u00eb kam dashur nj\u00eb her\u00eb tani mu ka rritur edhe 100 her\u00eb dashuria p\u00ebr t\u00eb\u201d, u shpreh Fero gjat\u00eb intervist\u00ebs s\u00eb tij. \/Prive.al<\/div>\n<div><\/div>\n<\/div>\n<div><\/div>\n<\/div>\n<div class=\"advertising_content_single\"><\/div>\n<\/div>\n<div class=\"entry-footer clearfix\">\n<div class=\"entry-footer-social clearfix\">\n<div class=\"entry-footer-left\"><\/div>\n<\/div>\n<\/div>\n","protected":false},"excerpt":{"rendered":"<p>Pas \u2018sherrit\u2019 me Arbenit\u00ebn, Fero ka folur p\u00ebr her\u00eb t\u00eb par\u00eb publikisht. I ftuar n\u00eb emisionin \u201cKujshia Show\u201d, Fero nd\u00ebr t\u00eb tjera ka folur p\u00ebr<\/p>\n","protected":false},"author":14,"featured_media":0,"comment_status":"open","ping_status":"open","sticky":false,"template":"","format":"standard","meta":{"footnotes":""},"categories":[49],"tags":[],"class_list":["post-15560","post","type-post","status-publish","format-standard","hentry","category-showbiz"],"_links":{"self":[{"href":"https:\/\/indeks.bilten.mk\/index.php?rest_route=\/wp\/v2\/posts\/15560","targetHints":{"allow":["GET"]}}],"collection":[{"href":"https:\/\/indeks.bilten.mk\/index.php?rest_route=\/wp\/v2\/posts"}],"about":[{"href":"https:\/\/indeks.bilten.mk\/index.php?rest_route=\/wp\/v2\/types\/post"}],"author":[{"embeddable":true,"href":"https:\/\/indeks.bilten.mk\/index.php?rest_route=\/wp\/v2\/users\/14"}],"replies":[{"embeddable":true,"href":"https:\/\/indeks.bilten.mk\/index.php?rest_route=%2Fwp%2Fv2%2Fcomments&post=15560"}],"version-history":[{"count":0,"href":"https:\/\/indeks.bilten.mk\/index.php?rest_route=\/wp\/v2\/posts\/15560\/revisions"}],"wp:attachment":[{"href":"https:\/\/indeks.bilten.mk\/index.php?rest_route=%2Fwp%2Fv2%2Fmedia&parent=15560"}],"wp:term":[{"taxonomy":"category","embeddable":true,"href":"https:\/\/indeks.bilten.mk\/index.php?rest_route=%2Fwp%2Fv2%2Fcategories&post=15560"},{"taxonomy":"post_tag","embeddable":true,"href":"https:\/\/indeks.bilten.mk\/index.php?rest_route=%2Fwp%2Fv2%2Ftags&post=15560"}],"curies":[{"name":"wp","href":"https:\/\/api.w.org\/{rel}","templated":true}]}}