{"id":15562,"date":"2023-09-02T15:21:24","date_gmt":"2023-09-02T13:21:24","guid":{"rendered":"https:\/\/indeks.mk\/?p=15562"},"modified":"2023-09-02T15:21:24","modified_gmt":"2023-09-02T13:21:24","slug":"sali-berisha-thote-se-nuk-po-lejohet-vendosja-e-shtatores-se-ibrahim-rugoves-ne-tirane","status":"publish","type":"post","link":"https:\/\/indeks.bilten.mk\/?p=15562","title":{"rendered":"Sali Berisha thot\u00eb se nuk po lejohet vendosja e shtatores s\u00eb Ibrahim Rugov\u00ebs n\u00eb Tiran\u00eb&#8230;"},"content":{"rendered":"<p><strong>Sali Berisha e ka nisur dit\u00ebn duke postuar nj\u00eb foto n\u00eb Facebook me Presidentin e ndjer\u00eb t\u00eb Kosov\u00ebs, Ibrahim Rugova.<\/strong><\/p>\n<p>Ish-kryeministri akuzon Edi Ram\u00ebn se nuk lejon vendosjen e shtatores s\u00eb tij. P\u00ebr k\u00ebt\u00eb thot\u00eb se urdhrin e ka nga Presidenti serb, Vu\u00e7i\u00e7.<\/p>\n<p>\u201cMiq, ju p\u00ebrsh\u00ebndes sot me k\u00ebt\u00eb foto me presidentin e ndjer\u00eb Ibrahim Rugova, n\u00eb sht\u00ebpine time, shkurt 1991! Edi Rama me porosi t\u00eb Vu\u00e7i\u00e7 nuk lejon vendosjen e shtatores s\u00eb tij n\u00eb Tiran\u00eb,\u201d shkruan Berisha<\/p>\n<div class=\"fb-post fb_iframe_widget\" data-href=\"https:\/\/www.facebook.com\/SaliBerisha\/posts\/953480892799680?ref=embed_post\" data-width=\"552\"><iframe loading=\"lazy\" class=\"\" title=\"fb:post Facebook Social Plugin\" src=\"https:\/\/www.facebook.com\/v2.3\/plugins\/post.php?app_id=249643311490&amp;channel=https%3A%2F%2Fstaticxx.facebook.com%2Fx%2Fconnect%2Fxd_arbiter%2F%3Fversion%3D46%23cb%3Df21bccaa537834%26domain%3Dwww.kosovarja-ks.com%26is_canvas%3Dfalse%26origin%3Dhttps%253A%252F%252Fwww.kosovarja-ks.com%252Ff2150052c2d1f7%26relation%3Dparent.parent&amp;container_width=0&amp;href=https%3A%2F%2Fwww.facebook.com%2FSaliBerisha%2Fposts%2F953480892799680%3Fref%3Dembed_post&amp;locale=en_US&amp;sdk=joey&amp;width=552\" name=\"f322efca512d698\" width=\"552px\" height=\"1000px\" frameborder=\"0\" scrolling=\"no\" allowfullscreen=\"allowfullscreen\" data-testid=\"fb:post Facebook Social Plugin\" data-mce-fragment=\"1\"><\/iframe><\/div>\n","protected":false},"excerpt":{"rendered":"<p>Sali Berisha e ka nisur dit\u00ebn duke postuar nj\u00eb foto n\u00eb Facebook me Presidentin e ndjer\u00eb t\u00eb Kosov\u00ebs, Ibrahim Rugova. Ish-kryeministri akuzon Edi Ram\u00ebn se<\/p>\n","protected":false},"author":14,"featured_media":15563,"comment_status":"open","ping_status":"open","sticky":false,"template":"","format":"standard","meta":{"footnotes":""},"categories":[45],"tags":[],"class_list":["post-15562","post","type-post","status-publish","format-standard","has-post-thumbnail","hentry","category-rajoni"],"_links":{"self":[{"href":"https:\/\/indeks.bilten.mk\/index.php?rest_route=\/wp\/v2\/posts\/15562","targetHints":{"allow":["GET"]}}],"collection":[{"href":"https:\/\/indeks.bilten.mk\/index.php?rest_route=\/wp\/v2\/posts"}],"about":[{"href":"https:\/\/indeks.bilten.mk\/index.php?rest_route=\/wp\/v2\/types\/post"}],"author":[{"embeddable":true,"href":"https:\/\/indeks.bilten.mk\/index.php?rest_route=\/wp\/v2\/users\/14"}],"replies":[{"embeddable":true,"href":"https:\/\/indeks.bilten.mk\/index.php?rest_route=%2Fwp%2Fv2%2Fcomments&post=15562"}],"version-history":[{"count":0,"href":"https:\/\/indeks.bilten.mk\/index.php?rest_route=\/wp\/v2\/posts\/15562\/revisions"}],"wp:featuredmedia":[{"embeddable":true,"href":"https:\/\/indeks.bilten.mk\/index.php?rest_route=\/wp\/v2\/media\/15563"}],"wp:attachment":[{"href":"https:\/\/indeks.bilten.mk\/index.php?rest_route=%2Fwp%2Fv2%2Fmedia&parent=15562"}],"wp:term":[{"taxonomy":"category","embeddable":true,"href":"https:\/\/indeks.bilten.mk\/index.php?rest_route=%2Fwp%2Fv2%2Fcategories&post=15562"},{"taxonomy":"post_tag","embeddable":true,"href":"https:\/\/indeks.bilten.mk\/index.php?rest_route=%2Fwp%2Fv2%2Ftags&post=15562"}],"curies":[{"name":"wp","href":"https:\/\/api.w.org\/{rel}","templated":true}]}}