{"id":15565,"date":"2023-09-02T15:48:26","date_gmt":"2023-09-02T13:48:26","guid":{"rendered":"https:\/\/indeks.mk\/?p=15565"},"modified":"2023-09-02T15:48:26","modified_gmt":"2023-09-02T13:48:26","slug":"belgjika-nuk-do-te-pranoje-me-burra-beqare-per-azil","status":"publish","type":"post","link":"https:\/\/indeks.bilten.mk\/?p=15565","title":{"rendered":"Belgjika nuk do t\u00eb pranoj\u00eb m\u00eb burra beqar\u00eb p\u00ebr azil"},"content":{"rendered":"<p>Qeveria belge ka b\u00ebr\u00eb t\u00eb ditur se nuk do t\u00eb siguroj\u00eb m\u00eb streh\u00eb p\u00ebr burrat beqar\u00eb q\u00eb k\u00ebrkojn\u00eb azil, duke argumentuar se kapaciteti prit\u00ebs i saj \u00ebsht\u00eb i pamjaftuesh\u00ebm, dhe se duhet t\u2019i jap\u00eb p\u00ebrpar\u00ebsi familjeve, grave dhe f\u00ebmij\u00ebve.<\/p>\n<p>Belgjika ka qen\u00eb prej koh\u00ebsh n\u00ebn kritika p\u00ebr d\u00ebshtimin p\u00ebr t\u00eb siguruar strehim t\u00eb mjaftuesh\u00ebm p\u00ebr mij\u00ebra njer\u00ebz q\u00eb po k\u00ebrkojn\u00eb mbrojtje nga persekutimi n\u00eb sht\u00ebpi, shkruan Euronews, transmeton Klankosova.tv.<\/p>\n<p>Madje p\u00ebr k\u00ebt\u00eb vendimin e fundit ka marr\u00eb kritika edhe nga organizata m\u00eb e madhe evropiane p\u00ebr t\u00eb drejtat e njeriut dhe grupet e ndihm\u00ebs e cila e d\u00ebnoi k\u00ebt\u00eb veprim duke e quajtur si kund\u00ebrshtues t\u00eb angazhimeve nd\u00ebrkomb\u00ebtare.<\/p>\n<p>T\u00eb m\u00ebrkur\u00ebn, Sekretarja e Shtetit p\u00ebr Azilin, Nicole de Moor tha se \u201cPresioni n\u00eb rritje mbi strehimin e azilit pritet gjat\u00eb muajve t\u00eb ardhsh\u00ebm\u201d, k\u00ebshtu qe burrat beqar\u00eb do t\u00eb duhet t\u00eb kujdesen p\u00ebr veten e tyre.<\/p>\n<p>Radh\u00ebt e gjata t\u00eb tendave p\u00ebrgjat\u00eb rrug\u00ebve jasht\u00eb qendr\u00ebs kryesore t\u00eb p\u00ebrpunimit n\u00eb Bruksel jan\u00eb b\u00ebr\u00eb nj\u00eb njoll\u00eb n\u00eb reputacionin e Belgjik\u00ebs.<\/p>\n","protected":false},"excerpt":{"rendered":"<p>Qeveria belge ka b\u00ebr\u00eb t\u00eb ditur se nuk do t\u00eb siguroj\u00eb m\u00eb streh\u00eb p\u00ebr burrat beqar\u00eb q\u00eb k\u00ebrkojn\u00eb azil, duke argumentuar se kapaciteti prit\u00ebs i<\/p>\n","protected":false},"author":14,"featured_media":15566,"comment_status":"open","ping_status":"open","sticky":false,"template":"","format":"standard","meta":{"footnotes":""},"categories":[46],"tags":[],"class_list":["post-15565","post","type-post","status-publish","format-standard","has-post-thumbnail","hentry","category-bota"],"_links":{"self":[{"href":"https:\/\/indeks.bilten.mk\/index.php?rest_route=\/wp\/v2\/posts\/15565","targetHints":{"allow":["GET"]}}],"collection":[{"href":"https:\/\/indeks.bilten.mk\/index.php?rest_route=\/wp\/v2\/posts"}],"about":[{"href":"https:\/\/indeks.bilten.mk\/index.php?rest_route=\/wp\/v2\/types\/post"}],"author":[{"embeddable":true,"href":"https:\/\/indeks.bilten.mk\/index.php?rest_route=\/wp\/v2\/users\/14"}],"replies":[{"embeddable":true,"href":"https:\/\/indeks.bilten.mk\/index.php?rest_route=%2Fwp%2Fv2%2Fcomments&post=15565"}],"version-history":[{"count":0,"href":"https:\/\/indeks.bilten.mk\/index.php?rest_route=\/wp\/v2\/posts\/15565\/revisions"}],"wp:featuredmedia":[{"embeddable":true,"href":"https:\/\/indeks.bilten.mk\/index.php?rest_route=\/wp\/v2\/media\/15566"}],"wp:attachment":[{"href":"https:\/\/indeks.bilten.mk\/index.php?rest_route=%2Fwp%2Fv2%2Fmedia&parent=15565"}],"wp:term":[{"taxonomy":"category","embeddable":true,"href":"https:\/\/indeks.bilten.mk\/index.php?rest_route=%2Fwp%2Fv2%2Fcategories&post=15565"},{"taxonomy":"post_tag","embeddable":true,"href":"https:\/\/indeks.bilten.mk\/index.php?rest_route=%2Fwp%2Fv2%2Ftags&post=15565"}],"curies":[{"name":"wp","href":"https:\/\/api.w.org\/{rel}","templated":true}]}}