{"id":15568,"date":"2023-09-02T17:29:30","date_gmt":"2023-09-02T15:29:30","guid":{"rendered":"https:\/\/indeks.mk\/?p=15568"},"modified":"2023-09-02T17:29:30","modified_gmt":"2023-09-02T15:29:30","slug":"ahmeti-nga-vizita-ne-comodita-gjakove-korporata-devolli-do-te-ishte-nje-investim-i-mirepritur-edhe-ne-maqedonine-e-veriut","status":"publish","type":"post","link":"https:\/\/indeks.bilten.mk\/?p=15568","title":{"rendered":"Ahmeti nga vizita n\u00eb Comodita-Gjakov\u00eb: Korporata Devolli do t\u00eb ishte nj\u00eb investim i mir\u00ebpritur edhe n\u00eb Maqedonin\u00eb e Veriut"},"content":{"rendered":"<p>Kryetari i Bashkimit Demokratik p\u00ebr Integrim, Ali Ahmeti i shoq\u00ebruar nga z\u00ebvend\u00ebskryeministri i par\u00eb, Artan Grubi, ministrat e tjer\u00eb nga radh\u00ebt e BDI-s\u00eb si dhe kryetarin e Kuvendit t\u00eb Maqedonis\u00eb s\u00eb Veriut, Talat Xhaferi, q\u00ebndruan sot p\u00ebr vizit\u00eb n\u00eb kompanin\u00eb prestigjioze \u201cComodita\u201d n\u00eb qytetin e Gjakov\u00ebs.<\/p>\n<p>N\u00eb faqen e tij zyrtare n\u00eb Facebook, Ahmeti p\u00ebrmes disa fotografive t\u00eb realizuara nga kjo vizit\u00eb, shkruan se korporata Devolli ka krijuar shum\u00eb vende pune n\u00eb Kosov\u00eb, teksa prodhimet e saj i gjejm\u00eb edhe n\u00eb shum\u00eb vende t\u00eb rajonit.<\/p>\n<p>Nd\u00ebr t\u00eb tjera, Ahmeti potencon se \u00ebsht\u00eb diskutuar dhe mund\u00ebsia q\u00eb korporata Devolli t\u00eb shtrij veprimtarin\u00eb dhe n\u00eb Maqedonin\u00eb e Veriut, duke krijuar vende t\u00eb reja pune.<\/p>\n<p>Statusi i plot\u00eb:<\/p>\n<p>Bashk\u00eb me kryetarin e Kuvendit, Talat Xhaferi dhe ekzekutivin e Bashkimit Demokratik p\u00ebr Integrim vizituam sot korporat\u00ebn e mir\u00ebnjohur Devolli dhe fabrik\u00ebn e prodhimit Commodita.<\/p>\n<p>Me mbi 4.900 pun\u00ebtor\u00eb, eksportues n\u00eb 25 vende dhe me mbi 20 dyqane n\u00eb Maqedonin\u00eb e Veriut, kjo kompani kontribuon n\u00eb zhvillimin ekonomik t\u00eb Kosov\u00ebs dhe mbar\u00eb rajonit.<\/p>\n<p>U diskutua mund\u00ebsia q\u00eb korporata Devolli t\u00eb vazhdoj\u00eb t\u00eb shtrij\u00eb investimet e veta n\u00eb prodhim edhe n\u00eb Maqedonin\u00eb e Veriut me brendin Commodita, me \u00e7\u2019rast do hapen mij\u00ebra vende pune edhe n\u00eb vendin ton\u00eb.<\/p>\n<p>Kapacitetet tona institucionale jan\u00eb n\u00eb sh\u00ebrbim t\u00eb plot\u00eb p\u00ebr t\u00eb mb\u00ebshtetur investimet e drejtp\u00ebrdrejta q\u00eb n\u00ebnkuptojn\u00eb jet\u00eb m\u00eb cil\u00ebsore.<\/p>\n<p><iframe loading=\"lazy\" src=\"https:\/\/www.facebook.com\/plugins\/post.php?href=https%3A%2F%2Fwww.facebook.com%2FAliAhmetiOfficial%2Fposts%2Fpfbid03bGWD6RytotnR3buwChewvB7HQufoKHNcLYHznXJzQhvyw7aLmCQnDUEVZET9Ffhl&#038;show_text=true&#038;width=500\" width=\"500\" height=\"792\" style=\"border:none;overflow:hidden\" scrolling=\"no\" frameborder=\"0\" allowfullscreen=\"true\" allow=\"autoplay; clipboard-write; encrypted-media; picture-in-picture; web-share\"><\/iframe><\/p>\n","protected":false},"excerpt":{"rendered":"<p>Kryetari i Bashkimit Demokratik p\u00ebr Integrim, Ali Ahmeti i shoq\u00ebruar nga z\u00ebvend\u00ebskryeministri i par\u00eb, Artan Grubi, ministrat e tjer\u00eb nga radh\u00ebt e BDI-s\u00eb si dhe<\/p>\n","protected":false},"author":14,"featured_media":15569,"comment_status":"open","ping_status":"open","sticky":false,"template":"","format":"standard","meta":{"footnotes":""},"categories":[44],"tags":[],"class_list":["post-15568","post","type-post","status-publish","format-standard","has-post-thumbnail","hentry","category-maqedoni"],"_links":{"self":[{"href":"https:\/\/indeks.bilten.mk\/index.php?rest_route=\/wp\/v2\/posts\/15568","targetHints":{"allow":["GET"]}}],"collection":[{"href":"https:\/\/indeks.bilten.mk\/index.php?rest_route=\/wp\/v2\/posts"}],"about":[{"href":"https:\/\/indeks.bilten.mk\/index.php?rest_route=\/wp\/v2\/types\/post"}],"author":[{"embeddable":true,"href":"https:\/\/indeks.bilten.mk\/index.php?rest_route=\/wp\/v2\/users\/14"}],"replies":[{"embeddable":true,"href":"https:\/\/indeks.bilten.mk\/index.php?rest_route=%2Fwp%2Fv2%2Fcomments&post=15568"}],"version-history":[{"count":0,"href":"https:\/\/indeks.bilten.mk\/index.php?rest_route=\/wp\/v2\/posts\/15568\/revisions"}],"wp:featuredmedia":[{"embeddable":true,"href":"https:\/\/indeks.bilten.mk\/index.php?rest_route=\/wp\/v2\/media\/15569"}],"wp:attachment":[{"href":"https:\/\/indeks.bilten.mk\/index.php?rest_route=%2Fwp%2Fv2%2Fmedia&parent=15568"}],"wp:term":[{"taxonomy":"category","embeddable":true,"href":"https:\/\/indeks.bilten.mk\/index.php?rest_route=%2Fwp%2Fv2%2Fcategories&post=15568"},{"taxonomy":"post_tag","embeddable":true,"href":"https:\/\/indeks.bilten.mk\/index.php?rest_route=%2Fwp%2Fv2%2Ftags&post=15568"}],"curies":[{"name":"wp","href":"https:\/\/api.w.org\/{rel}","templated":true}]}}