{"id":15571,"date":"2023-09-02T18:57:12","date_gmt":"2023-09-02T16:57:12","guid":{"rendered":"https:\/\/indeks.mk\/?p=15571"},"modified":"2023-09-02T18:57:12","modified_gmt":"2023-09-02T16:57:12","slug":"vizita-ne-kompanine-comodita-grubi-gjithmone-te-gatshem-te-ofrojme-mbeshtetje-institucionale-per-zgjerimin-e-investimeve-edhe-ne-vendin-tone","status":"publish","type":"post","link":"https:\/\/indeks.bilten.mk\/?p=15571","title":{"rendered":"Vizita n\u00eb kompanin\u00eb Comodita\/ Grubi: Gjithmon\u00eb t\u00eb gatsh\u00ebm t\u00eb ofrojm\u00eb mb\u00ebshtetje institucionale p\u00ebr zgjerimin e investimeve edhe n\u00eb vendin ton\u00eb"},"content":{"rendered":"<p>Z\u00ebvend\u00ebskryeministri i par\u00eb, Artan Grubi ka shoq\u00ebruar kreun e integrist\u00ebve, Ali Ahmetin s\u00eb bashku me ministrat e tjer\u00eb t\u00eb BDI-s\u00eb dhe kryetarin e Kuvendit, Talat Xhaferi n\u00eb vizit\u00ebn e tyre n\u00eb Kosov\u00eb, me \u00e7\u2019rast vizituan kompanin\u00eb \u201cComodita Home\u201d.<\/p>\n<p>Grubi n\u00eb faqen e tij zyrtare n\u00eb Facebook shkruan se u mir\u00ebprit\u00ebn nga pronari i korporat\u00ebs Devolli, Shk\u00eblqim Devolli, teksa \u00ebsht\u00eb diskutuar dhe mbi mund\u00ebsin\u00eb q\u00eb kjo kompani t\u00eb zgjeroi veprimtarin\u00eb e saj dhe n\u00eb Maqedonin\u00eb e Veriut p\u00ebr t\u00eb krijuar vende t\u00eb reja pune. <\/p>\n<p>Statusi i plot\u00eb: <\/p>\n<p>Me kryetarin Ali Ahmeti, kryetarin e Kuvendit Talat Xhaferi dhe koleg\u00ebt ministra u mir\u00ebprit\u00ebm sot n\u00eb korporat\u00ebn Devolli dhe kompanin\u00eb e prodhimit Commodita n\u00eb Kosov\u00eb nga pronari z. Shk\u00eblqim Devolli.<br \/>\nP\u00ebrg\u00ebzuam stafin drejtues t\u00eb k\u00ebsaj korporate p\u00ebr kontributin n\u00eb krijimin e vendeve t\u00eb pun\u00ebs me aktualisht 4.900 t\u00eb pun\u00ebsuar dhe eksport n\u00eb 25 vende.<br \/>\nDuke e pasur parasysh se korporata Devolli operon edhe n\u00eb vendin ton\u00eb me 20 dyqane t\u00eb brendit Commodita, diskutuam edhe mbi gatishm\u00ebrin\u00eb e institucioneve t\u00eb vendit p\u00ebr t\u00eb p\u00ebrkrahur zgjerimin e investimeve dhe k\u00ebshtu krijimin e vendeve t\u00eb reja t\u00eb pun\u00ebs n\u00eb vendin ton\u00eb.<\/p>\n<p><iframe loading=\"lazy\" src=\"https:\/\/www.facebook.com\/plugins\/post.php?href=https%3A%2F%2Fwww.facebook.com%2FArtanGrubi%2Fposts%2Fpfbid0TvorxaP34xdmzufeE2ihGAeXW8WNrq1oa22G75MNSjqKXStMXFqvgcxEpmK3Xbpel&#038;show_text=true&#038;width=500\" width=\"500\" height=\"831\" style=\"border:none;overflow:hidden\" scrolling=\"no\" frameborder=\"0\" allowfullscreen=\"true\" allow=\"autoplay; clipboard-write; encrypted-media; picture-in-picture; web-share\"><\/iframe><\/p>\n","protected":false},"excerpt":{"rendered":"<p>Z\u00ebvend\u00ebskryeministri i par\u00eb, Artan Grubi ka shoq\u00ebruar kreun e integrist\u00ebve, Ali Ahmetin s\u00eb bashku me ministrat e tjer\u00eb t\u00eb BDI-s\u00eb dhe kryetarin e Kuvendit, Talat<\/p>\n","protected":false},"author":14,"featured_media":15572,"comment_status":"open","ping_status":"open","sticky":false,"template":"","format":"standard","meta":{"footnotes":""},"categories":[44],"tags":[],"class_list":["post-15571","post","type-post","status-publish","format-standard","has-post-thumbnail","hentry","category-maqedoni"],"_links":{"self":[{"href":"https:\/\/indeks.bilten.mk\/index.php?rest_route=\/wp\/v2\/posts\/15571","targetHints":{"allow":["GET"]}}],"collection":[{"href":"https:\/\/indeks.bilten.mk\/index.php?rest_route=\/wp\/v2\/posts"}],"about":[{"href":"https:\/\/indeks.bilten.mk\/index.php?rest_route=\/wp\/v2\/types\/post"}],"author":[{"embeddable":true,"href":"https:\/\/indeks.bilten.mk\/index.php?rest_route=\/wp\/v2\/users\/14"}],"replies":[{"embeddable":true,"href":"https:\/\/indeks.bilten.mk\/index.php?rest_route=%2Fwp%2Fv2%2Fcomments&post=15571"}],"version-history":[{"count":0,"href":"https:\/\/indeks.bilten.mk\/index.php?rest_route=\/wp\/v2\/posts\/15571\/revisions"}],"wp:featuredmedia":[{"embeddable":true,"href":"https:\/\/indeks.bilten.mk\/index.php?rest_route=\/wp\/v2\/media\/15572"}],"wp:attachment":[{"href":"https:\/\/indeks.bilten.mk\/index.php?rest_route=%2Fwp%2Fv2%2Fmedia&parent=15571"}],"wp:term":[{"taxonomy":"category","embeddable":true,"href":"https:\/\/indeks.bilten.mk\/index.php?rest_route=%2Fwp%2Fv2%2Fcategories&post=15571"},{"taxonomy":"post_tag","embeddable":true,"href":"https:\/\/indeks.bilten.mk\/index.php?rest_route=%2Fwp%2Fv2%2Ftags&post=15571"}],"curies":[{"name":"wp","href":"https:\/\/api.w.org\/{rel}","templated":true}]}}