{"id":15574,"date":"2023-09-02T19:02:18","date_gmt":"2023-09-02T17:02:18","guid":{"rendered":"https:\/\/indeks.mk\/?p=15574"},"modified":"2023-09-02T19:02:18","modified_gmt":"2023-09-02T17:02:18","slug":"specialja-e-konfirmon-viziten-e-hashim-thacit-ne-kosove","status":"publish","type":"post","link":"https:\/\/indeks.bilten.mk\/?p=15574","title":{"rendered":"Specialja e konfirmon vizit\u00ebn e Hashim Tha\u00e7it n\u00eb Kosov\u00eb"},"content":{"rendered":"<p>Gjykata Speciale e ka konfirmuar vizit\u00ebn e ish-presidentit t\u00eb vendit, Hashim Tha\u00e7i, n\u00eb Kosov\u00eb.<\/p>\n<p>Specialja tha se arsyeja e vizit\u00ebs s\u00eb Tha\u00e7it n\u00eb Kosov\u00eb \u00ebsht\u00eb p\u00ebr arsye bind\u00ebse humanitare.<\/p>\n<p>\u201cP\u00ebr arsye humanitare bind\u00ebse, Trupi Gjykues ka udh\u00ebzuar Zyr\u00ebn Administrative q\u00eb t\u00eb menaxhoj\u00eb nj\u00eb vizit\u00eb n\u00ebn mbikqyrje n\u00eb Kosov\u00eb t\u00eb z. Tha\u00e7i, p\u00ebr t\u2019a takuar familjen e tij. I akuzuari mbetet n\u00eb paraburgim t\u00eb Dhomave t\u00eb Specializuara. EULEX-i dhe Policia e Kosov\u00ebs po mb\u00ebshtesin Dhomat e Specializuara t\u00eb Kosov\u00ebs\u201d, thuhet n\u00eb njoftimin e Speciales, transmeton Klankosova.tv.<\/p>\n<p>Burime t\u00eb Klankosova.tv b\u00ebn\u00eb t\u00eb ditur se arsyeja e vizit\u00ebs s\u00eb Tha\u00e7it n\u00eb Kosov\u00eb \u00ebsht\u00eb gjendja sh\u00ebndet\u00ebsore e babait t\u00eb tij.<\/p>\n","protected":false},"excerpt":{"rendered":"<p>Gjykata Speciale e ka konfirmuar vizit\u00ebn e ish-presidentit t\u00eb vendit, Hashim Tha\u00e7i, n\u00eb Kosov\u00eb. Specialja tha se arsyeja e vizit\u00ebs s\u00eb Tha\u00e7it n\u00eb Kosov\u00eb \u00ebsht\u00eb<\/p>\n","protected":false},"author":14,"featured_media":0,"comment_status":"open","ping_status":"open","sticky":false,"template":"","format":"standard","meta":{"footnotes":""},"categories":[45],"tags":[],"class_list":["post-15574","post","type-post","status-publish","format-standard","hentry","category-rajoni"],"_links":{"self":[{"href":"https:\/\/indeks.bilten.mk\/index.php?rest_route=\/wp\/v2\/posts\/15574","targetHints":{"allow":["GET"]}}],"collection":[{"href":"https:\/\/indeks.bilten.mk\/index.php?rest_route=\/wp\/v2\/posts"}],"about":[{"href":"https:\/\/indeks.bilten.mk\/index.php?rest_route=\/wp\/v2\/types\/post"}],"author":[{"embeddable":true,"href":"https:\/\/indeks.bilten.mk\/index.php?rest_route=\/wp\/v2\/users\/14"}],"replies":[{"embeddable":true,"href":"https:\/\/indeks.bilten.mk\/index.php?rest_route=%2Fwp%2Fv2%2Fcomments&post=15574"}],"version-history":[{"count":0,"href":"https:\/\/indeks.bilten.mk\/index.php?rest_route=\/wp\/v2\/posts\/15574\/revisions"}],"wp:attachment":[{"href":"https:\/\/indeks.bilten.mk\/index.php?rest_route=%2Fwp%2Fv2%2Fmedia&parent=15574"}],"wp:term":[{"taxonomy":"category","embeddable":true,"href":"https:\/\/indeks.bilten.mk\/index.php?rest_route=%2Fwp%2Fv2%2Fcategories&post=15574"},{"taxonomy":"post_tag","embeddable":true,"href":"https:\/\/indeks.bilten.mk\/index.php?rest_route=%2Fwp%2Fv2%2Ftags&post=15574"}],"curies":[{"name":"wp","href":"https:\/\/api.w.org\/{rel}","templated":true}]}}