{"id":15578,"date":"2023-09-02T19:08:56","date_gmt":"2023-09-02T17:08:56","guid":{"rendered":"https:\/\/indeks.mk\/?p=15578"},"modified":"2023-09-02T19:08:56","modified_gmt":"2023-09-02T17:08:56","slug":"grimerja-sellma-prish-miqesine-me-dy-vajza-te-estades-sa-shan-me-profil-te-rreme-me-mire","status":"publish","type":"post","link":"https:\/\/indeks.bilten.mk\/?p=15578","title":{"rendered":"Grimerja Sellma prish miq\u00ebsin\u00eb me dy vajza t\u00eb estad\u00ebs! Sa shan me profil t\u00eb rrem\u00eb, m\u00eb mir\u00eb\u2026\u201d"},"content":{"rendered":"<p><strong>Sellma Kasumoviq duket se ka prishur raportet me dy nga vajzat shum\u00eb t\u00eb njohura t\u00eb showbizit shqiptar.<\/strong><\/p>\n<p>Kan\u00eb qen\u00eb ndjek\u00ebsit q\u00eb e kan\u00eb zbuluar k\u00ebt\u00eb duke ia th\u00ebn\u00eb edhe vet asaj gjat\u00eb nj\u00eb bisede dhe b\u00ebhet fjal\u00ebr p\u00ebr Morena Tarakun dhe Tayn\u00ebn.<\/p>\n<p>P\u00ebr k\u00ebt\u00eb t\u00eb fundit ajo nuk deshi t\u00eb flas\u00eb nd\u00ebrsa u p\u00ebrgjigj p\u00ebr Moren\u00ebn, t\u00eb cil\u00ebn edhe e akuzoi p\u00ebr sharje nga profile t\u00eb rreme.<\/p>\n<p><img loading=\"lazy\" decoding=\"async\" class=\"alignleft size-full wp-image-495293\" src=\"https:\/\/i0.wp.com\/www.kosovarja-ks.com\/wp-content\/uploads\/2023\/09\/IMG_1962.jpeg?resize=1080%2C858&amp;ssl=1\" sizes=\"auto, (max-width: 1000px) 100vw, 1000px\" srcset=\"https:\/\/i0.wp.com\/www.kosovarja-ks.com\/wp-content\/uploads\/2023\/09\/IMG_1962.jpeg?w=1080&amp;ssl=1 1080w, https:\/\/i0.wp.com\/www.kosovarja-ks.com\/wp-content\/uploads\/2023\/09\/IMG_1962.jpeg?resize=300%2C238&amp;ssl=1 300w, https:\/\/i0.wp.com\/www.kosovarja-ks.com\/wp-content\/uploads\/2023\/09\/IMG_1962.jpeg?resize=1024%2C814&amp;ssl=1 1024w, https:\/\/i0.wp.com\/www.kosovarja-ks.com\/wp-content\/uploads\/2023\/09\/IMG_1962.jpeg?resize=768%2C610&amp;ssl=1 768w, https:\/\/i0.wp.com\/www.kosovarja-ks.com\/wp-content\/uploads\/2023\/09\/IMG_1962.jpeg?resize=750%2C596&amp;ssl=1 750w\" alt=\"\" width=\"673\" height=\"535\" data-pin-no-hover=\"true\" \/><\/p>\n<p>&nbsp;<\/p>\n<p>&nbsp;<\/p>\n<p>&nbsp;<\/p>\n<p>&nbsp;<\/p>\n<p>&nbsp;<\/p>\n<p>&nbsp;<\/p>\n<p>&nbsp;<\/p>\n<p>&nbsp;<\/p>\n<p>&nbsp;<\/p>\n<p>&nbsp;<\/p>\n<p>&nbsp;<\/p>\n<p>&nbsp;<\/p>\n<p>&nbsp;<\/p>\n<p>&nbsp;<\/p>\n<p>&nbsp;<\/p>\n<p>\u2018\u00cbsht\u00eb e drejt\u00eb e gjithkujt t\u00eb veproj\u00eb si t\u00eb doj\u00eb. Nuk e di sakt\u00eb p\u00ebr cilin person e keni fjal\u00ebn por follow\/ unfollow ekzistojn\u00eb q\u00eb prej ekziston Instagrami. Kush \u00e7ka do le t\u00eb b\u00ebj\u00eb. \u00cbsht\u00eb Instagrami i vet\u00eb, ka dikujt q\u00eb si interesojm\u00eb, ia prishim tripin, sa shan me fake account, ma mir\u00eb le te b\u00ebn unfollow. Hajt dit\u00ebn e mir\u00eb\u2019, \u00ebsht\u00eb shprehur grimerja.<\/p>\n","protected":false},"excerpt":{"rendered":"<p>Sellma Kasumoviq duket se ka prishur raportet me dy nga vajzat shum\u00eb t\u00eb njohura t\u00eb showbizit shqiptar. Kan\u00eb qen\u00eb ndjek\u00ebsit q\u00eb e kan\u00eb zbuluar k\u00ebt\u00eb<\/p>\n","protected":false},"author":14,"featured_media":15579,"comment_status":"open","ping_status":"open","sticky":false,"template":"","format":"standard","meta":{"footnotes":""},"categories":[49],"tags":[],"class_list":["post-15578","post","type-post","status-publish","format-standard","has-post-thumbnail","hentry","category-showbiz"],"_links":{"self":[{"href":"https:\/\/indeks.bilten.mk\/index.php?rest_route=\/wp\/v2\/posts\/15578","targetHints":{"allow":["GET"]}}],"collection":[{"href":"https:\/\/indeks.bilten.mk\/index.php?rest_route=\/wp\/v2\/posts"}],"about":[{"href":"https:\/\/indeks.bilten.mk\/index.php?rest_route=\/wp\/v2\/types\/post"}],"author":[{"embeddable":true,"href":"https:\/\/indeks.bilten.mk\/index.php?rest_route=\/wp\/v2\/users\/14"}],"replies":[{"embeddable":true,"href":"https:\/\/indeks.bilten.mk\/index.php?rest_route=%2Fwp%2Fv2%2Fcomments&post=15578"}],"version-history":[{"count":0,"href":"https:\/\/indeks.bilten.mk\/index.php?rest_route=\/wp\/v2\/posts\/15578\/revisions"}],"wp:featuredmedia":[{"embeddable":true,"href":"https:\/\/indeks.bilten.mk\/index.php?rest_route=\/wp\/v2\/media\/15579"}],"wp:attachment":[{"href":"https:\/\/indeks.bilten.mk\/index.php?rest_route=%2Fwp%2Fv2%2Fmedia&parent=15578"}],"wp:term":[{"taxonomy":"category","embeddable":true,"href":"https:\/\/indeks.bilten.mk\/index.php?rest_route=%2Fwp%2Fv2%2Fcategories&post=15578"},{"taxonomy":"post_tag","embeddable":true,"href":"https:\/\/indeks.bilten.mk\/index.php?rest_route=%2Fwp%2Fv2%2Ftags&post=15578"}],"curies":[{"name":"wp","href":"https:\/\/api.w.org\/{rel}","templated":true}]}}