{"id":15583,"date":"2023-09-03T11:52:52","date_gmt":"2023-09-03T09:52:52","guid":{"rendered":"https:\/\/indeks.mk\/?p=15583"},"modified":"2023-09-03T11:52:52","modified_gmt":"2023-09-03T09:52:52","slug":"ndryshon-procesi-i-pranimit-te-vizave-te-punes-ne-ambasaden-gjermane-ne-shkup-do-te-pranohen-permes-nje-kompanie","status":"publish","type":"post","link":"https:\/\/indeks.bilten.mk\/?p=15583","title":{"rendered":"Ndryshon procesi i pranimit t\u00eb vizave t\u00eb pun\u00ebs n\u00eb ambasad\u00ebn gjermane n\u00eb Shkup, do t\u00eb pranohen p\u00ebrmes nj\u00eb kompanie&#8230;"},"content":{"rendered":"<p><strong>Ambasada gjermane n\u00eb Shkup nga 23 shtatori aplikimet p\u00ebr viza pune do ti pranoj\u00eb p\u00ebrmes kompanis\u00eb\u00a0<a href=\"https:\/\/www.visametric.com\/Macedonia\/Germany\/sh\">VisaMetrik DOOEL<\/a>\u00a0dhe jo p\u00ebrmes ambasad\u00ebs.<\/strong><\/p>\n<div class=\"code-block code-block-43 code-block-pas-paragrafit-2t-inarticle\">\n<div>\n<div class=\"code-block-label\">K\u00ebt\u00eb e b\u00ebri t\u00eb ditur ambasadorja gjermane n\u00eb Shkup, Petra Dreklser.<\/div>\n<\/div>\n<\/div>\n<p>Me m\u00ebnyr\u00ebn e re t\u00eb aplikimit, pas procedur\u00ebs s\u00eb shortit dhe njoftimit nga Ambasada, aplikant\u00ebt n\u00eb t\u00eb ardhmen do t\u00eb marrin nj\u00eb e-mail shtes\u00eb nga VisaMetrik me k\u00ebrkes\u00eb p\u00ebrmes lidhjes speciale p\u00ebr t\u00eb rezervuar nj\u00eb termin sipas d\u00ebshir\u00ebs. K\u00ebshtu me k\u00ebt\u00eb metod\u00eb edhe hiqet caktimi i afateve fikse.<\/p>\n<p>N\u00eb t\u00eb ardhmen, k\u00ebrkesat nuk do t\u00eb dor\u00ebzohen m\u00eb n\u00eb Ambasad\u00eb, por ekskluzivisht n\u00eb VisaMetric. Por, lidhur me k\u00ebt\u00eb ambasada jep holl\u00ebsi t\u00eb detajuara dhe mund t\u00eb drejtohen n\u00eb faqen e saj.<\/p>\n<p>\u201cProcedura e re \u00ebsht\u00eb n\u00eb favor t\u00eb t\u00eb gjith\u00eb t\u00eb interesuarve serioz\u00eb, sepse n\u00eb k\u00ebt\u00eb m\u00ebnyr\u00eb rezervojn\u00eb takim p\u00ebr paraqitjen e k\u00ebrkes\u00ebs vet\u00ebm ata q\u00eb d\u00ebshirojn\u00eb realisht dhe mund t\u00eb paraqesin k\u00ebrkes\u00eb. Aktualisht, \u00e7do muaj, mbi 20% e termineve t\u00eb dh\u00ebna nga Ambasada nuk p\u00ebrdoren. Koh\u00ebt m\u00eb t\u00eb gjata t\u00eb pritjes q\u00eb rezultojn\u00eb nga kjo do t\u00eb shmangen n\u00eb t\u00eb ardhmen. Me rastin e paraqitjes s\u00eb aplikacionit n\u00eb VisaMetric, aplikant\u00ebt kan\u00eb mund\u00ebsi t\u00eb zgjedhin sh\u00ebrbime t\u00eb tjera p\u00ebr t\u00eb cilat paguhet tarif\u00eb, si p.sh., fotot e pasaport\u00ebs n\u00eb vend apo kopjimi i dokumenteve\u201d, thot\u00eb ambasadorja Drexler.<\/p>\n<div class=\"ai-viewport-1\" data-insertion-position=\"prepend\" data-selector=\".ai-insert-1-51234472\" data-insertion-no-dbg=\"\" data-code=\"PGRpdiBjbGFzcz0nY29kZS1ibG9jayBjb2RlLWJsb2NrLTEgY29kZS1ibG9jay1pbmFydGljbGUtZGVza3RvcCcgc3R5bGU9J21hcmdpbjogOHB4IGF1dG87IHRleHQtYWxpZ246IGNlbnRlcjsgZGlzcGxheTogYmxvY2s7IGNsZWFyOiBib3RoOyB3aWR0aDogMzAwcHg7IGhlaWdodDogNDIwcHg7IGJhY2tncm91bmQtY29sb3I6ICNmZmZmZmY7Jz4KPGRpdiBzdHlsZT0icG9zaXRpb246IHN0aWNreTsgdG9wOiAxNXB4OyI+CjxkaXYgY2xhc3M9ImNvZGUtYmxvY2stbGFiZWwiPlJla2xhbWE8L2Rpdj4KPGRpdiBkYXRhLWFkLXVuaXQtaWQ9Ii8yMjY0NjY1NzExOC9Jbi1hcnRpY2xlX2JveF8yIj48L2Rpdj4KPC9kaXY+CjxkaXYgc3R5bGU9IiBoZWlnaHQ6IDM5MHB4OyI+PC9kaXY+CjwvZGl2Pgo=\" data-block=\"1\">\n<div class=\"code-block code-block-1 code-block-inarticle-desktop\">\n<div>\n<div class=\"code-block-label\">P\u00ebrve\u00e7 tarif\u00ebs s\u00eb viz\u00ebs, e cila kushton 75 euro, p\u00ebr sh\u00ebrbimin VisaMetric do t\u00eb paguhen edhe 37,50 euro, t\u00eb cilat duhet t\u00eb paguhen menj\u00ebher\u00eb pas rezervimit online t\u00eb terminit me pages\u00eb bankare ose me para n\u00eb denar\u00eb. P\u00ebrpunimi dhe vendimi p\u00ebr aplikimet p\u00ebr viza do t\u00eb vazhdoj\u00eb t\u00eb b\u00ebhet ekskluzivisht p\u00ebrmes Ambasad\u00ebs. E nj\u00ebjta gj\u00eb vlen edhe p\u00ebr listat mujore t\u00eb pritjes p\u00ebr nj\u00eb takim si dhe p\u00ebr p\u00ebrzgjedhjen e aplikant\u00ebve me an\u00eb t\u00eb shortit t\u00eb kryer n\u00eb selin\u00eb e Ministris\u00eb s\u00eb Pun\u00ebve t\u00eb Jashtme n\u00eb Berlin. VisaMetric LLC do t\u00eb pranoj\u00eb aplikime dhe do t\u00eb kthej\u00eb pasaportat vet\u00ebm sipas vendimit t\u00eb marr\u00eb nga Ambasada.(INA)<\/div>\n<\/div>\n<\/div>\n<\/div>\n<p>P\u00ebr informacione ma shum\u00eb kliko tek faqja\u00a0<strong>VisaMetrik<\/strong><\/p>\n","protected":false},"excerpt":{"rendered":"<p>Ambasada gjermane n\u00eb Shkup nga 23 shtatori aplikimet p\u00ebr viza pune do ti pranoj\u00eb p\u00ebrmes kompanis\u00eb\u00a0VisaMetrik DOOEL\u00a0dhe jo p\u00ebrmes ambasad\u00ebs. K\u00ebt\u00eb e b\u00ebri t\u00eb ditur<\/p>\n","protected":false},"author":14,"featured_media":15584,"comment_status":"open","ping_status":"open","sticky":false,"template":"","format":"standard","meta":{"footnotes":""},"categories":[44],"tags":[],"class_list":["post-15583","post","type-post","status-publish","format-standard","has-post-thumbnail","hentry","category-maqedoni"],"_links":{"self":[{"href":"https:\/\/indeks.bilten.mk\/index.php?rest_route=\/wp\/v2\/posts\/15583","targetHints":{"allow":["GET"]}}],"collection":[{"href":"https:\/\/indeks.bilten.mk\/index.php?rest_route=\/wp\/v2\/posts"}],"about":[{"href":"https:\/\/indeks.bilten.mk\/index.php?rest_route=\/wp\/v2\/types\/post"}],"author":[{"embeddable":true,"href":"https:\/\/indeks.bilten.mk\/index.php?rest_route=\/wp\/v2\/users\/14"}],"replies":[{"embeddable":true,"href":"https:\/\/indeks.bilten.mk\/index.php?rest_route=%2Fwp%2Fv2%2Fcomments&post=15583"}],"version-history":[{"count":0,"href":"https:\/\/indeks.bilten.mk\/index.php?rest_route=\/wp\/v2\/posts\/15583\/revisions"}],"wp:featuredmedia":[{"embeddable":true,"href":"https:\/\/indeks.bilten.mk\/index.php?rest_route=\/wp\/v2\/media\/15584"}],"wp:attachment":[{"href":"https:\/\/indeks.bilten.mk\/index.php?rest_route=%2Fwp%2Fv2%2Fmedia&parent=15583"}],"wp:term":[{"taxonomy":"category","embeddable":true,"href":"https:\/\/indeks.bilten.mk\/index.php?rest_route=%2Fwp%2Fv2%2Fcategories&post=15583"},{"taxonomy":"post_tag","embeddable":true,"href":"https:\/\/indeks.bilten.mk\/index.php?rest_route=%2Fwp%2Fv2%2Ftags&post=15583"}],"curies":[{"name":"wp","href":"https:\/\/api.w.org\/{rel}","templated":true}]}}