{"id":15586,"date":"2023-09-03T13:00:38","date_gmt":"2023-09-03T11:00:38","guid":{"rendered":"https:\/\/indeks.mk\/?p=15586"},"modified":"2023-09-03T13:00:38","modified_gmt":"2023-09-03T11:00:38","slug":"dua-emer-shqiptar-e-jo-arab-juristja-e-njohur-nderron-emrin-e-perterire-nga-gjyshja","status":"publish","type":"post","link":"https:\/\/indeks.bilten.mk\/?p=15586","title":{"rendered":"\u201cDua em\u00ebr shqiptar e jo arab\u201d, juristja e njohur nd\u00ebrron emrin e p\u00ebrt\u00ebrir\u00eb nga gjyshja"},"content":{"rendered":"<div class=\"xdj266r x11i5rnm xat24cr x1mh8g0r x1vvkbs x126k92a\">\n<div dir=\"auto\">Juristja e njohur kosovare, Xhezide Selimi ka vendosur q\u00eb t\u00eb nd\u00ebrroj\u00eb emrin n\u00eb Zana.<\/div>\n<div dir=\"auto\"><\/div>\n<\/div>\n<div class=\"x11i5rnm xat24cr x1mh8g0r x1vvkbs xtlvy1s x126k92a\">\n<div dir=\"auto\">Ajo n\u00eb emisionin \u00c7ikat n\u2019Fokus me Hateme Smajli q\u00eb \u00ebsht\u00eb prodhim i Gazet\u00ebs Infokus, ka th\u00ebn\u00eb se arsyeja p\u00ebr k\u00ebt\u00eb \u00ebsht\u00eb sepse d\u00ebshiron t\u00eb ket\u00eb em\u00ebr shqiptar dhe jo arab.<\/div>\n<div dir=\"auto\"><\/div>\n<\/div>\n<div class=\"x11i5rnm xat24cr x1mh8g0r x1vvkbs xtlvy1s x126k92a\">\n<div dir=\"auto\">Nd\u00ebr t\u00eb tjera ajo ka treguar edhe se emrin q\u00eb po d\u00ebshiron t\u00eb ndryshoj\u00eb e ka t\u00eb p\u00ebrt\u00ebrir\u00eb nga gjyshja.<\/div>\n<\/div>\n","protected":false},"excerpt":{"rendered":"<p>Juristja e njohur kosovare, Xhezide Selimi ka vendosur q\u00eb t\u00eb nd\u00ebrroj\u00eb emrin n\u00eb Zana. Ajo n\u00eb emisionin \u00c7ikat n\u2019Fokus me Hateme Smajli q\u00eb \u00ebsht\u00eb prodhim<\/p>\n","protected":false},"author":14,"featured_media":15587,"comment_status":"open","ping_status":"open","sticky":false,"template":"","format":"standard","meta":{"footnotes":""},"categories":[54],"tags":[],"class_list":["post-15586","post","type-post","status-publish","format-standard","has-post-thumbnail","hentry","category-indeks"],"_links":{"self":[{"href":"https:\/\/indeks.bilten.mk\/index.php?rest_route=\/wp\/v2\/posts\/15586","targetHints":{"allow":["GET"]}}],"collection":[{"href":"https:\/\/indeks.bilten.mk\/index.php?rest_route=\/wp\/v2\/posts"}],"about":[{"href":"https:\/\/indeks.bilten.mk\/index.php?rest_route=\/wp\/v2\/types\/post"}],"author":[{"embeddable":true,"href":"https:\/\/indeks.bilten.mk\/index.php?rest_route=\/wp\/v2\/users\/14"}],"replies":[{"embeddable":true,"href":"https:\/\/indeks.bilten.mk\/index.php?rest_route=%2Fwp%2Fv2%2Fcomments&post=15586"}],"version-history":[{"count":0,"href":"https:\/\/indeks.bilten.mk\/index.php?rest_route=\/wp\/v2\/posts\/15586\/revisions"}],"wp:featuredmedia":[{"embeddable":true,"href":"https:\/\/indeks.bilten.mk\/index.php?rest_route=\/wp\/v2\/media\/15587"}],"wp:attachment":[{"href":"https:\/\/indeks.bilten.mk\/index.php?rest_route=%2Fwp%2Fv2%2Fmedia&parent=15586"}],"wp:term":[{"taxonomy":"category","embeddable":true,"href":"https:\/\/indeks.bilten.mk\/index.php?rest_route=%2Fwp%2Fv2%2Fcategories&post=15586"},{"taxonomy":"post_tag","embeddable":true,"href":"https:\/\/indeks.bilten.mk\/index.php?rest_route=%2Fwp%2Fv2%2Ftags&post=15586"}],"curies":[{"name":"wp","href":"https:\/\/api.w.org\/{rel}","templated":true}]}}