{"id":15589,"date":"2023-09-03T14:26:31","date_gmt":"2023-09-03T12:26:31","guid":{"rendered":"https:\/\/indeks.mk\/?p=15589"},"modified":"2023-09-03T14:26:31","modified_gmt":"2023-09-03T12:26:31","slug":"besimi-anetaresimi-ne-be-do-te-sjelle-mbi-20-here-me-shume-fonde-per-cdo-banor","status":"publish","type":"post","link":"https:\/\/indeks.bilten.mk\/?p=15589","title":{"rendered":"Besimi: An\u00ebtar\u00ebsimi n\u00eb BE do t\u00eb sjell\u00eb mbi 20 her\u00eb m\u00eb shum\u00eb fonde p\u00ebr \u00e7do banor"},"content":{"rendered":"<p>Diferenca nga \u201cparadhoma\u201d e BE-s\u00eb n\u00eb at\u00eb brenda saj \u00ebsht\u00eb 21.8 her\u00eb m\u00eb shum\u00eb fonde q\u00eb do t\u00eb vihen n\u00eb dispozicion t\u00eb vendit pas an\u00ebtar\u00ebsimit n\u00eb BE. Sipas p\u00ebrllogaritjeve t\u00eb p\u00ebraf\u00ebrta, an\u00ebtar\u00ebsimi n\u00eb BE do t\u00eb sjell\u00eb mjete shtes\u00eb prej 2.868 eurove p\u00ebr \u00e7do banor n\u00eb vend, respektivisht mjete shtes\u00eb prej 5.2 miliard\u00eb eurove n\u00eb pes\u00eb vite, q\u00eb \u00ebsht\u00eb n\u00eb nivelin e nj\u00ebjt\u00eb me buxhetin e vendit ton\u00eb p\u00ebr vitin 2023. \u201cK\u00ebto jan\u00eb mjete me t\u00eb cilat do t\u00eb mund t\u00eb kemi infrastruktur\u00eb m\u00eb t\u00eb mir\u00eb, kushte m\u00eb t\u00eb mira jetese, m\u00eb shum\u00eb mjete p\u00ebr pun\u00ebn e nd\u00ebrmarrjeve tona dhe standard m\u00eb t\u00eb mir\u00eb jetese p\u00ebr qytetar\u00ebt tan\u00eb\u201d, shkruan n\u00eb kolumn\u00ebn e tij t\u00eb fundit, ministri i Financave, Fatmir Besimi.<\/p>\n<p>Ministri i Financave thekson se me p\u00ebrafrimin e vendit n\u00eb BE, n\u00eb dispozicion jan\u00eb m\u00eb shum\u00eb fonde, respektivisht zhvillimore dhe strukturore. Ai krahason Fondin e Kohezionit, i destinuar p\u00ebr an\u00ebtar\u00ebt e BE-s\u00eb, dhe fondet e para-an\u00ebtar\u00ebsimit BE-IPA. Fondi i Kohezionit destinohet p\u00ebr p\u00ebrkrahjen e vendeve an\u00ebtare t\u00eb BE-s\u00eb q\u00eb kan\u00eb t\u00eb ardhura nacionale bruto (Gross National Income) m\u00eb t\u00eb ul\u00ebta se 90% e mesatares s\u00eb BE-27. Me mjetet nga Fondi i Kohezionit p\u00ebrkrahen projektet n\u00eb fush\u00ebn e mjedisit jet\u00ebsor, si dhe rrjetet transevropiane n\u00eb fush\u00ebn e infrastruktur\u00ebs s\u00eb transportit.<\/p>\n<p>\u201cP\u00ebr periudh\u00ebn 2021-2027, vendet q\u00eb jan\u00eb shfryt\u00ebzuese t\u00eb Fondit t\u00eb Kohezionit jan\u00eb Bullgaria, \u00c7ekia, Estonia, Greqia, Kroacia, Qiproja, Letonia, Lituania, Hungaria, Mallta, Polonia, Portugalia, Rumania, Sllovakia dhe Sllovenia, ose rreth 128 milion\u00eb banor\u00eb t\u00eb BE-s\u00eb. P\u00ebr periudh\u00ebn 2021-2027, p\u00ebrmes k\u00ebtij fondi, n\u00eb dispozicion t\u00eb k\u00ebtyre vendeve jan\u00eb 392 miliard\u00eb euro, ose sipas p\u00ebrllogaritjeve t\u00eb p\u00ebraf\u00ebrta, rreth 3.000 euro p\u00ebr banor p\u00ebr k\u00ebto vende (me popullsi t\u00eb p\u00ebrgjithshme prej 128 milion\u00eb banor\u00ebsh). P\u00ebr periudh\u00ebn e nj\u00ebjt\u00eb, Fondi Paraaderues \u2013 IPA III (2021-2027) \u00ebsht\u00eb n\u00eb dispozicion t\u00eb vendeve kandidate ose atyre vendeve q\u00eb jan\u00eb potenciale p\u00ebr an\u00ebtar\u00ebsim n\u00eb BE, n\u00eb vler\u00eb t\u00eb p\u00ebrgjithshme prej 14.2 miliard\u00eb eurove. Sipas p\u00ebrllogaritjeve, IPA III siguron rreth 140 euro p\u00ebr banor p\u00ebr qytetar\u00ebt e Shqip\u00ebris\u00eb, Bosnj\u00eb dhe Hercegovin\u00ebs, Kosov\u00ebs, Maqedonis\u00eb s\u00eb Veriut, Malit t\u00eb Zi, Serbis\u00eb dhe Turqis\u00eb (me nj\u00eb popullsi t\u00eb p\u00ebrgjithshme prej 103 milion\u00eb banor\u00ebsh).<\/p>\n<div class=\"ai-viewport-1\" data-insertion-position=\"prepend\" data-selector=\".ai-insert-1-88433207\" data-insertion-no-dbg=\"\" data-code=\"PGRpdiBjbGFzcz0nY29kZS1ibG9jayBjb2RlLWJsb2NrLTEgY29kZS1ibG9jay1pbmFydGljbGUtZGVza3RvcCcgc3R5bGU9J21hcmdpbjogOHB4IGF1dG87IHRleHQtYWxpZ246IGNlbnRlcjsgZGlzcGxheTogYmxvY2s7IGNsZWFyOiBib3RoOyB3aWR0aDogMzAwcHg7IGhlaWdodDogNDIwcHg7IGJhY2tncm91bmQtY29sb3I6ICNmZmZmZmY7Jz4KPGRpdiBzdHlsZT0icG9zaXRpb246IHN0aWNreTsgdG9wOiAxNXB4OyI+CjxkaXYgY2xhc3M9ImNvZGUtYmxvY2stbGFiZWwiPlJla2xhbWE8L2Rpdj4KCjxkaXYgaWQ9IlBBLVRhYm9vbGEiPjwvZGl2Pgo8L2Rpdj4KPGRpdiBzdHlsZT0iIGhlaWdodDogMzkwcHg7Ij48L2Rpdj4KPC9kaXY+Cg==\" data-block=\"1\">\n<div class=\"code-block code-block-1 code-block-inarticle-desktop\">\n<div>\n<div id=\"taboola-sponsored-mid-article\" class=\" trc_related_container trc_spotlight_widget trc_elastic trc_elastic_sc-mid-article-telegrafi \" data-placement-name=\"Sponsored Mid Article\">\n<div class=\"trc_rbox_container\">\n<div>\n<div id=\"trc_wrapper_69455\" class=\"trc_rbox sc-mid-article-telegrafi trc-content-sponsored \">\n<div class=\"trc_clearer\">Si p\u00ebrmbledhje, diferenca nga \u201cparadhoma\u201d e BE-s\u00eb n\u00eb at\u00eb brenda saj \u00ebsht\u00eb 2.868 euro p\u00ebr banor, respektivisht 21.8 her\u00eb m\u00eb shum\u00eb (3.006\/138=21.8).<\/div>\n<\/div>\n<\/div>\n<\/div>\n<\/div>\n<\/div>\n<\/div>\n<\/div>\n<p>Ministri i Financave thekson se BE-ja parasheh edhe shum\u00eb fonde t\u00eb tjera shtes\u00eb p\u00ebr vendet e tyre an\u00ebtare. Buxheti i BE-s\u00eb p\u00ebr periudh\u00ebn 2021-2027 \u00ebsht\u00eb vler\u00ebsuar n\u00eb rreth 2.000 miliard\u00eb euro, nd\u00ebrsa mjetet jan\u00eb destinuar p\u00ebr p\u00ebrkrahjen e k\u00ebtyre fushave: Integrimi klimatik dhe dixhital; Tregu i p\u00ebrbashk\u00ebt dhe inovacionet; Kohezioni, rezistenca dhe vlerat e p\u00ebrbashk\u00ebta; Burimet natyrore dhe mjedisi jet\u00ebsor; Migrimi dhe menaxhimi i hap\u00ebsir\u00ebs kufitare; Fqinj\u00ebsia, bota dhe administrata publike evropiane.<\/p>\n<p>N\u00eb kolumn\u00ebn e tij t\u00eb fundit, ministri i Financave njofton lidhur me Konferenc\u00ebn e tret\u00eb vjetore t\u00eb Forumit Ekonomik dhe Financiar t\u00eb Shkupit (SEFF), e cila k\u00ebt\u00eb vit i kushtohet diskutimit t\u00eb efekteve dhe momentit mbi an\u00ebtar\u00ebsimin n\u00eb BE. Besimi paralajm\u00ebroi pranin\u00eb e p\u00ebrfaq\u00ebsuesve t\u00eb lart\u00eb t\u00eb Komisionit Evropian, bankave evropiane zhvillimore, institucioneve financiare nd\u00ebrkomb\u00ebtare si Banka Bot\u00ebrore dhe FMN-ja, USAID-i, p\u00ebrfaq\u00ebsuesve t\u00eb qeverive t\u00eb rajonit, diplomat\u00ebve, sektorit t\u00eb biznesit, opinionit akademik etj.<\/p>\n","protected":false},"excerpt":{"rendered":"<p>Diferenca nga \u201cparadhoma\u201d e BE-s\u00eb n\u00eb at\u00eb brenda saj \u00ebsht\u00eb 21.8 her\u00eb m\u00eb shum\u00eb fonde q\u00eb do t\u00eb vihen n\u00eb dispozicion t\u00eb vendit pas an\u00ebtar\u00ebsimit<\/p>\n","protected":false},"author":14,"featured_media":0,"comment_status":"open","ping_status":"open","sticky":false,"template":"","format":"standard","meta":{"footnotes":""},"categories":[44],"tags":[],"class_list":["post-15589","post","type-post","status-publish","format-standard","hentry","category-maqedoni"],"_links":{"self":[{"href":"https:\/\/indeks.bilten.mk\/index.php?rest_route=\/wp\/v2\/posts\/15589","targetHints":{"allow":["GET"]}}],"collection":[{"href":"https:\/\/indeks.bilten.mk\/index.php?rest_route=\/wp\/v2\/posts"}],"about":[{"href":"https:\/\/indeks.bilten.mk\/index.php?rest_route=\/wp\/v2\/types\/post"}],"author":[{"embeddable":true,"href":"https:\/\/indeks.bilten.mk\/index.php?rest_route=\/wp\/v2\/users\/14"}],"replies":[{"embeddable":true,"href":"https:\/\/indeks.bilten.mk\/index.php?rest_route=%2Fwp%2Fv2%2Fcomments&post=15589"}],"version-history":[{"count":0,"href":"https:\/\/indeks.bilten.mk\/index.php?rest_route=\/wp\/v2\/posts\/15589\/revisions"}],"wp:attachment":[{"href":"https:\/\/indeks.bilten.mk\/index.php?rest_route=%2Fwp%2Fv2%2Fmedia&parent=15589"}],"wp:term":[{"taxonomy":"category","embeddable":true,"href":"https:\/\/indeks.bilten.mk\/index.php?rest_route=%2Fwp%2Fv2%2Fcategories&post=15589"},{"taxonomy":"post_tag","embeddable":true,"href":"https:\/\/indeks.bilten.mk\/index.php?rest_route=%2Fwp%2Fv2%2Ftags&post=15589"}],"curies":[{"name":"wp","href":"https:\/\/api.w.org\/{rel}","templated":true}]}}