{"id":15591,"date":"2023-09-03T14:29:17","date_gmt":"2023-09-03T12:29:17","guid":{"rendered":"https:\/\/indeks.mk\/?p=15591"},"modified":"2023-09-03T14:30:51","modified_gmt":"2023-09-03T12:30:51","slug":"babai-ma-kishin-pre-ciken-sallate-e-kishin-ba-nuk-e-di-pse-ka-vdeke-video","status":"publish","type":"post","link":"https:\/\/indeks.bilten.mk\/?p=15591","title":{"rendered":"Babai: Ma kishin pre \u00e7ik\u00ebn, sallat\u00eb e kishin ba! Nuk e di pse ka vdek\u00eb\u2026 (VIDEO)"},"content":{"rendered":"<p><strong>Ma kishin pre \u00e7ik\u00ebn, sallat\u00eb e kishin ba\u201d, ishin disa nga fjal\u00ebt me t\u00eb cilat Nusret Ramniku ka p\u00ebrshkruar vdekjen e vajz\u00ebs s\u00eb tij.<\/strong><\/p>\n<p>Ai n\u00eb nj\u00eb intervist\u00eb p\u00ebr Insajderin ka rr\u00ebfyer se si ka ndodhur ngjarja.<\/p>\n<p>Ndon\u00ebse ai akoma nuk ka marr p\u00ebrgjigjje nga institucionet gjegj\u00ebse n\u00eb lidhje me shkaqet e vdekjes, sipas tij, nj\u00ebra nd\u00ebr shkaqet mund t\u00eb jet\u00eb dhuna n\u00eb familje ose vet\u00ebvrasja si shkak i saj.<\/p>\n<p>N\u00eb vijim mund t\u00eb gjeni intervist\u00ebn:<\/p>\n<div class=\"jeg_video_container jeg_video_content\"><iframe loading=\"lazy\" title=\"Babai: Ma kishin pre \u00e7iken, sallate e kishin ba. Nuk e di pse ka vdeke\u2026\" src=\"https:\/\/www.youtube.com\/embed\/suMUgU02AtU?feature=oembed\" width=\"500\" height=\"281\" frameborder=\"0\" allowfullscreen=\"allowfullscreen\" data-mce-fragment=\"1\"><\/iframe><\/div>\n","protected":false},"excerpt":{"rendered":"<p>Ma kishin pre \u00e7ik\u00ebn, sallat\u00eb e kishin ba\u201d, ishin disa nga fjal\u00ebt me t\u00eb cilat Nusret Ramniku ka p\u00ebrshkruar vdekjen e vajz\u00ebs s\u00eb tij. Ai<\/p>\n","protected":false},"author":14,"featured_media":15592,"comment_status":"open","ping_status":"open","sticky":false,"template":"","format":"standard","meta":{"footnotes":""},"categories":[54],"tags":[],"class_list":["post-15591","post","type-post","status-publish","format-standard","has-post-thumbnail","hentry","category-indeks"],"_links":{"self":[{"href":"https:\/\/indeks.bilten.mk\/index.php?rest_route=\/wp\/v2\/posts\/15591","targetHints":{"allow":["GET"]}}],"collection":[{"href":"https:\/\/indeks.bilten.mk\/index.php?rest_route=\/wp\/v2\/posts"}],"about":[{"href":"https:\/\/indeks.bilten.mk\/index.php?rest_route=\/wp\/v2\/types\/post"}],"author":[{"embeddable":true,"href":"https:\/\/indeks.bilten.mk\/index.php?rest_route=\/wp\/v2\/users\/14"}],"replies":[{"embeddable":true,"href":"https:\/\/indeks.bilten.mk\/index.php?rest_route=%2Fwp%2Fv2%2Fcomments&post=15591"}],"version-history":[{"count":0,"href":"https:\/\/indeks.bilten.mk\/index.php?rest_route=\/wp\/v2\/posts\/15591\/revisions"}],"wp:featuredmedia":[{"embeddable":true,"href":"https:\/\/indeks.bilten.mk\/index.php?rest_route=\/wp\/v2\/media\/15592"}],"wp:attachment":[{"href":"https:\/\/indeks.bilten.mk\/index.php?rest_route=%2Fwp%2Fv2%2Fmedia&parent=15591"}],"wp:term":[{"taxonomy":"category","embeddable":true,"href":"https:\/\/indeks.bilten.mk\/index.php?rest_route=%2Fwp%2Fv2%2Fcategories&post=15591"},{"taxonomy":"post_tag","embeddable":true,"href":"https:\/\/indeks.bilten.mk\/index.php?rest_route=%2Fwp%2Fv2%2Ftags&post=15591"}],"curies":[{"name":"wp","href":"https:\/\/api.w.org\/{rel}","templated":true}]}}