{"id":15595,"date":"2023-09-03T17:01:58","date_gmt":"2023-09-03T15:01:58","guid":{"rendered":"https:\/\/indeks.mk\/?p=15595"},"modified":"2023-09-03T17:02:10","modified_gmt":"2023-09-03T15:02:10","slug":"grubi-2-000-vende-te-reja-pune-panairi-i-punes-nga-bechtel-enka-nga-data-5-shtator-organizohet-ne-tetove-prilep-dhe-manastir","status":"publish","type":"post","link":"https:\/\/indeks.bilten.mk\/?p=15595","title":{"rendered":"Grubi: 2.000 vende t\u00eb reja pune! Panairi i pun\u00ebs nga \u201cBechtel &#038; Enka\u201d nga data 5 shtator organizohet n\u00eb Tetov\u00eb, Prilep dhe Manastir"},"content":{"rendered":"<p>Pas qytetit t\u00eb Gostivarit, Panairi i pun\u00ebs i organizuar nga kompania \u201cBechtel &amp; Enka\u201d do t\u00eb vazhdoj dhe n\u00eb qytetin e Manastirit, Prilepit dhe Tetov\u00ebs, dhe at\u00eb nga data 5 deri m\u00eb 18 shtator.<\/p>\n<p>N\u00eb Manastir pikat informative do t\u00eb jen\u00eb t\u00eb vendosura n\u00eb rrug\u00ebn Shirok, af\u00ebr marketit \u201cVero\u201d.<br \/>\nN\u00eb Prilep n\u00eb sheshin Metodija Andonov si dhe n\u00eb Tetov\u00eb n\u00eb sheshin Iliria.<\/p>\n<p>P\u00ebrmes k\u00ebtij panairi, t\u00eb gjith\u00eb t\u00eb interesuarit do t\u00eb mund t\u00eb njoftohen nga af\u00ebr me mudn\u00ebsit\u00eb e pun\u00ebsimit t\u00eb ofron \u201cBechtel &amp; Enka\u201d, kompania prestigjioze e cila do t\u00eb nd\u00ebrtoj projektin madhor Korrirodi 8 dhe 10D.<\/p>\n<p>Jav\u00eb m\u00eb par\u00eb i njejti panair u mbajt n\u00eb qytetin e Gostivarit, me \u00e7\u2019rast u mir\u00ebprit nga shum\u00eb t\u00eb rinj\u00eb dhe profesionist t\u00eb nd\u00ebrtimtaris\u00eb t\u00eb cil\u00ebt shfaqen interesin e tyre p\u00ebr p\u00ebrfshirje n\u00eb projektin e parapar\u00eb.<\/p>\n<p>I pranish\u00ebm ishte dhe z\u00ebv\u00ebnd\u00ebskryeministri i par\u00eb, Artan Grubi, i cili n\u00eb rolin e koordinatorit t\u00eb k\u00ebtij projekti apeloj q\u00eb t\u00eb interesuarit t\u00eb aplikojn\u00eb p\u00ebr pun\u00eb n\u00eb kompanin\u00eb \u201cBechtel &amp; Enka\u201d, pasi ka kapacitet p\u00ebr dy mij\u00eb vende pune, punohet p\u00ebr nj\u00eb kompani serioze dhe madje \u00ebsht\u00eb projekt me pun\u00eb afatgjate.<\/p>\n<p><iframe loading=\"lazy\" src=\"https:\/\/www.facebook.com\/plugins\/post.php?href=https%3A%2F%2Fwww.facebook.com%2FArtanGrubi%2Fposts%2Fpfbid02LHrPhoZBrQtmA8bVAUgyamm3Trg7QXGhXPCL2XyGnLoqQqcvXmsmN6hLJa5xgD8El&#038;show_text=true&#038;width=500\" width=\"500\" height=\"734\" style=\"border:none;overflow:hidden\" scrolling=\"no\" frameborder=\"0\" allowfullscreen=\"true\" allow=\"autoplay; clipboard-write; encrypted-media; picture-in-picture; web-share\"><\/iframe><\/p>\n<p>Kujtojm\u00eb se Projekti i Korridorit 8 do t\u00eb shtrihet n\u00eb gjat\u00ebsi prej 68 Km edhe at\u00eb autostrad\u00eb me 6 korsi, q\u00eb do t\u00eb lidh\u00eb Tetov\u00ebn me Gostivarin, K\u00ebr\u00e7ov\u00ebn, Strug\u00ebn e deri n\u00eb Qaf\u00eb Than\u00eb, nd\u00ebrsa Korridori 10-D, n\u00eb gjat\u00ebsi prej 40 km autostrad\u00eb me 6 korsi, q\u00eb do t\u00eb lidh\u00eb Prilepin me Manastirin.<\/p>\n","protected":false},"excerpt":{"rendered":"<p>Pas qytetit t\u00eb Gostivarit, Panairi i pun\u00ebs i organizuar nga kompania \u201cBechtel &amp; Enka\u201d do t\u00eb vazhdoj dhe n\u00eb qytetin e Manastirit, Prilepit dhe Tetov\u00ebs,<\/p>\n","protected":false},"author":14,"featured_media":15596,"comment_status":"open","ping_status":"open","sticky":false,"template":"","format":"standard","meta":{"footnotes":""},"categories":[44],"tags":[],"class_list":["post-15595","post","type-post","status-publish","format-standard","has-post-thumbnail","hentry","category-maqedoni"],"_links":{"self":[{"href":"https:\/\/indeks.bilten.mk\/index.php?rest_route=\/wp\/v2\/posts\/15595","targetHints":{"allow":["GET"]}}],"collection":[{"href":"https:\/\/indeks.bilten.mk\/index.php?rest_route=\/wp\/v2\/posts"}],"about":[{"href":"https:\/\/indeks.bilten.mk\/index.php?rest_route=\/wp\/v2\/types\/post"}],"author":[{"embeddable":true,"href":"https:\/\/indeks.bilten.mk\/index.php?rest_route=\/wp\/v2\/users\/14"}],"replies":[{"embeddable":true,"href":"https:\/\/indeks.bilten.mk\/index.php?rest_route=%2Fwp%2Fv2%2Fcomments&post=15595"}],"version-history":[{"count":0,"href":"https:\/\/indeks.bilten.mk\/index.php?rest_route=\/wp\/v2\/posts\/15595\/revisions"}],"wp:featuredmedia":[{"embeddable":true,"href":"https:\/\/indeks.bilten.mk\/index.php?rest_route=\/wp\/v2\/media\/15596"}],"wp:attachment":[{"href":"https:\/\/indeks.bilten.mk\/index.php?rest_route=%2Fwp%2Fv2%2Fmedia&parent=15595"}],"wp:term":[{"taxonomy":"category","embeddable":true,"href":"https:\/\/indeks.bilten.mk\/index.php?rest_route=%2Fwp%2Fv2%2Fcategories&post=15595"},{"taxonomy":"post_tag","embeddable":true,"href":"https:\/\/indeks.bilten.mk\/index.php?rest_route=%2Fwp%2Fv2%2Ftags&post=15595"}],"curies":[{"name":"wp","href":"https:\/\/api.w.org\/{rel}","templated":true}]}}