{"id":15602,"date":"2023-09-03T17:17:43","date_gmt":"2023-09-03T15:17:43","guid":{"rendered":"https:\/\/indeks.mk\/?p=15602"},"modified":"2023-09-03T17:17:43","modified_gmt":"2023-09-03T15:17:43","slug":"ohri-dhe-struga-drejt-mbylljes-se-nje-sezoni-veror-te-suksesshem","status":"publish","type":"post","link":"https:\/\/indeks.bilten.mk\/?p=15602","title":{"rendered":"Ohri dhe Struga drejt mbylljes s\u00eb nj\u00eb sezoni veror t\u00eb suksessh\u00ebm"},"content":{"rendered":"<p>M\u00eb shum\u00eb se 200,000 turist\u00eb t\u00eb huaj kan\u00eb vizituar Ohrin dhe Strug\u00ebn q\u00eb nga fillimi i sezonit turistik bazuar n\u00eb t\u00eb dh\u00ebnat e Asociacionit t\u00eb Hoteleve t\u00eb Maqedonis\u00eb.<\/p>\n<p>\u201cPjesa m\u00eb e madhe e diaspor\u00ebs nuk p\u00ebrfshihet n\u00eb k\u00ebt\u00eb num\u00ebr. K\u00ebt\u00eb sezon, presim q\u00eb ta mbyllim me af\u00ebr 2 milion\u00eb bujtje\u201d, deklaroi K\u00ebrste Blazheski \u2013 kryetar i HOTAM.<\/p>\n<p>Sektori i turizmit \u00ebsht\u00eb i k\u00ebnaqur me m\u00ebnyr\u00ebn se si shkoi sezoni veror. Ata thon\u00eb se sipas t\u00eb gjitha parametrave, do t\u00eb jet\u00eb pothuajse n\u00eb t\u00eb nj\u00ebjtin nivel, n\u00eb mos m\u00eb i mir\u00eb se viti 2019, i cili ishte m\u00eb i miri n\u00eb turiz\u00ebm n\u00eb nj\u00ebzet vitet e fundit.<\/p>\n<p>\u201cSezoni ishte m\u00eb shum\u00eb se sa pritej. Me nj\u00eb fjal\u00eb, kishte nj\u00eb fluks vizitor\u00ebsh t\u00eb huaj. K\u00ebrkohej nj\u00eb vend m\u00eb tep\u00ebr. Shum\u00eb hotele, n\u00ebse m\u00eb her\u00ebt flisnim p\u00ebr dy ose tre data gjat\u00eb sezonit ku nuk kishte vend, k\u00ebt\u00eb vit kishim 10 deri n\u00eb 15 dit\u00eb ku nuk mund t\u00eb gjendej vend n\u00eb asnj\u00eb hotel n\u00eb Oh\u00ebr dhe Strug\u00eb\u201d, tha K\u00ebrste Blazheski \u2013 kryetar i HOTAM.<\/p>\n<div class=\"ai-viewport-1\" data-insertion-position=\"prepend\" data-selector=\".ai-insert-1-20256872\" data-insertion-no-dbg=\"\" data-code=\"PGRpdiBjbGFzcz0nY29kZS1ibG9jayBjb2RlLWJsb2NrLTEgY29kZS1ibG9jay1pbmFydGljbGUtZGVza3RvcCcgc3R5bGU9J21hcmdpbjogOHB4IGF1dG87IHRleHQtYWxpZ246IGNlbnRlcjsgZGlzcGxheTogYmxvY2s7IGNsZWFyOiBib3RoOyB3aWR0aDogMzAwcHg7IGhlaWdodDogNDIwcHg7IGJhY2tncm91bmQtY29sb3I6ICNmZmZmZmY7Jz4KPGRpdiBzdHlsZT0icG9zaXRpb246IHN0aWNreTsgdG9wOiAxNXB4OyI+CjxkaXYgY2xhc3M9ImNvZGUtYmxvY2stbGFiZWwiPlJla2xhbWE8L2Rpdj4KPGRpdiBkYXRhLWFkLXVuaXQtaWQ9Ii8yMjY0NjY1NzExOC9Jbi1hcnRpY2xlX2JveF8yIj48L2Rpdj4KPC9kaXY+CjxkaXYgc3R5bGU9IiBoZWlnaHQ6IDM5MHB4OyI+PC9kaXY+CjwvZGl2Pgo=\" data-block=\"1\">\n<div class=\"code-block code-block-1 code-block-inarticle-desktop\">\n<div>\n<div class=\"code-block-label\">\u201cN\u00eb p\u00ebrgjith\u00ebsi, n\u00eb 10 vitet e fundit, ky \u00ebsht\u00eb nj\u00eb nga sezonet m\u00eb t\u00eb mir\u00ebt. Jemi t\u00eb k\u00ebnaqur me interesin e vizitor\u00ebve, natyrisht q\u00eb ka disa probleme t\u00eb vogla kudo. Gjith\u00e7ka filloi n\u00eb 15 mars dhe kemi vizitor\u00eb deri n\u00eb fund t\u00eb tetorit. Kjo do t\u00eb thot\u00eb se ne kemi pun\u00eb vazhdimisht p\u00ebr gjasht\u00eb ose shtat\u00eb muaj. Kjo \u00ebsht\u00eb pozitive p\u00ebr turizmin n\u00eb Oh\u00ebr dhe Strug\u00eb\u201d, u shpreh Musa Rashid \u2013 pronar hoteli.<\/div>\n<\/div>\n<\/div>\n<\/div>\n<p>Mir\u00eb do t\u00eb jet\u00eb edhe p\u00ebr dy muajt e ardhsh\u00ebm. N\u00eb shtator dhe gjysm\u00ebn e par\u00eb t\u00eb tetorit, hotelet do t\u00eb jen\u00eb rreth 80% plot.<br \/>\nK\u00ebt\u00eb ver\u00eb, m\u00eb t\u00eb shumt\u00eb ishin vizitor\u00ebt individual\u00eb nga Turqia, Holanda, Polonia, Serbia, Belgjika dhe Anglia. P\u00ebr periudh\u00ebn janar-korrik, nga mbledhja e taks\u00ebs turistike nga hotelet dhe bujtinave private, Komuna e Ohrit mblodhi mbi 7 milion\u00eb e 700 mij\u00eb denar\u00eb. Fitimi m\u00eb i lart\u00eb \u00ebsht\u00eb realizuar n\u00eb korrik, mbi 4 milion\u00eb denar\u00eb.<\/p>\n<div class=\"ai-viewport-1\" data-insertion-position=\"prepend\" data-selector=\".ai-insert-1-68311835\" data-insertion-no-dbg=\"\" data-code=\"PGRpdiBjbGFzcz0nY29kZS1ibG9jayBjb2RlLWJsb2NrLTEgY29kZS1ibG9jay1pbmFydGljbGUtZGVza3RvcCcgc3R5bGU9J21hcmdpbjogOHB4IGF1dG87IHRleHQtYWxpZ246IGNlbnRlcjsgZGlzcGxheTogYmxvY2s7IGNsZWFyOiBib3RoOyB3aWR0aDogMzAwcHg7IGhlaWdodDogNDIwcHg7IGJhY2tncm91bmQtY29sb3I6ICNmZmZmZmY7Jz4KPGRpdiBzdHlsZT0icG9zaXRpb246IHN0aWNreTsgdG9wOiAxNXB4OyI+CjxkaXYgY2xhc3M9ImNvZGUtYmxvY2stbGFiZWwiPlJla2xhbWE8L2Rpdj4KCjxkaXYgaWQ9IlBBLVRhYm9vbGEiPjwvZGl2Pgo8L2Rpdj4KPGRpdiBzdHlsZT0iIGhlaWdodDogMzkwcHg7Ij48L2Rpdj4KPC9kaXY+Cg==\" data-block=\"1\">\n<div class=\"code-block code-block-1 code-block-inarticle-desktop\">\n<div>Sipas Entit Shtet\u00ebror t\u00eb Statistikave, numri i turist\u00ebve t\u00eb huaj u rrit deri n\u00eb 40 p\u00ebr qind nga janari deri n\u00eb qershor n\u00eb krahasim me t\u00eb nj\u00ebjt\u00ebn periudh\u00eb t\u00eb vitit t\u00eb kaluar. Deri tani nuk ka t\u00eb dh\u00ebna p\u00ebr pikun e sezonit, p\u00ebr muajt korrik dhe gusht.<\/div>\n<\/div>\n<\/div>\n<p>Bujtje m\u00eb t\u00eb shumta ka pasur nga vizitor\u00eb nga Turqia, pasuar nga holandez\u00ebt dhe polak\u00ebt.\/Alsat.mk<\/p>\n<div class=\"code-block code-block-46 code-block-instream-fundposti\"><\/div>\n","protected":false},"excerpt":{"rendered":"<p>M\u00eb shum\u00eb se 200,000 turist\u00eb t\u00eb huaj kan\u00eb vizituar Ohrin dhe Strug\u00ebn q\u00eb nga fillimi i sezonit turistik bazuar n\u00eb t\u00eb dh\u00ebnat e Asociacionit t\u00eb<\/p>\n","protected":false},"author":14,"featured_media":15603,"comment_status":"open","ping_status":"open","sticky":false,"template":"","format":"standard","meta":{"footnotes":""},"categories":[44],"tags":[],"class_list":["post-15602","post","type-post","status-publish","format-standard","has-post-thumbnail","hentry","category-maqedoni"],"_links":{"self":[{"href":"https:\/\/indeks.bilten.mk\/index.php?rest_route=\/wp\/v2\/posts\/15602","targetHints":{"allow":["GET"]}}],"collection":[{"href":"https:\/\/indeks.bilten.mk\/index.php?rest_route=\/wp\/v2\/posts"}],"about":[{"href":"https:\/\/indeks.bilten.mk\/index.php?rest_route=\/wp\/v2\/types\/post"}],"author":[{"embeddable":true,"href":"https:\/\/indeks.bilten.mk\/index.php?rest_route=\/wp\/v2\/users\/14"}],"replies":[{"embeddable":true,"href":"https:\/\/indeks.bilten.mk\/index.php?rest_route=%2Fwp%2Fv2%2Fcomments&post=15602"}],"version-history":[{"count":0,"href":"https:\/\/indeks.bilten.mk\/index.php?rest_route=\/wp\/v2\/posts\/15602\/revisions"}],"wp:featuredmedia":[{"embeddable":true,"href":"https:\/\/indeks.bilten.mk\/index.php?rest_route=\/wp\/v2\/media\/15603"}],"wp:attachment":[{"href":"https:\/\/indeks.bilten.mk\/index.php?rest_route=%2Fwp%2Fv2%2Fmedia&parent=15602"}],"wp:term":[{"taxonomy":"category","embeddable":true,"href":"https:\/\/indeks.bilten.mk\/index.php?rest_route=%2Fwp%2Fv2%2Fcategories&post=15602"},{"taxonomy":"post_tag","embeddable":true,"href":"https:\/\/indeks.bilten.mk\/index.php?rest_route=%2Fwp%2Fv2%2Ftags&post=15602"}],"curies":[{"name":"wp","href":"https:\/\/api.w.org\/{rel}","templated":true}]}}