{"id":15605,"date":"2023-09-03T23:39:23","date_gmt":"2023-09-03T21:39:23","guid":{"rendered":"https:\/\/indeks.mk\/?p=15605"},"modified":"2023-09-03T23:40:04","modified_gmt":"2023-09-03T21:40:04","slug":"shabani-thumbon-kasamin-dhe-opoziten-i-quan-jeshile-politik-qe-sheshin-moral-te-rrejshem-politik","status":"publish","type":"post","link":"https:\/\/indeks.bilten.mk\/?p=15605","title":{"rendered":"Shabani thumbon Kasamin dhe opozit\u00ebn, i quan \u201cjeshil\u00eb politik\u201d q\u00eb sheshin moral t\u00eb rrejsh\u00ebm politik"},"content":{"rendered":"<p>Kryetari i Komun\u00ebs s\u00eb Vrap\u00e7ishtit, Isen Shabani ka ironizuar me Bilall Kasamit dhe partit\u00eb opozitare shqiptare t\u00eb cil\u00ebt dje shpr\u00ebh\u00ebn v\u00ebrejtje p\u00ebr Aleanc\u00ebn p\u00ebr Shqiptar\u00ebt e cila po bashk\u00ebqeveris\u00eb me Bashkimin Demokratik p\u00ebr Integrim.<\/p>\n<p>Iseni, v\u00ebrejtjet i quan si shitje e nj\u00eb morali t\u00eb rrejsh\u00ebm politik, teksa Kasamin e quan jeshil politik.<\/p>\n<p>Statusi i plot\u00eb:<\/p>\n<blockquote><p>Ka ca jeshil\u00eb n\u00eb politik\u00eb, q\u00eb dje tentuan t\u00eb piqen duke u thirur n\u00eb bashkim t\u00eb vot\u00ebs, b\u00ebn\u00eb jarani her\u00eb me nj\u00ebrin krah e her\u00eb me tjetrin, nd\u00ebrsa sot \u00e7ojn\u00eb krye e shesin moral! Nj\u00eb jeshil i k\u00ebtill\u00eb q\u00eb hala rreh\u00eb gjoks me realizimin e projekteve t\u00eb dikuj tjet\u00ebr, sot ka nis\u00eb t\u00eb merret edhe me Ziadin Sel\u00ebn! Sa i vog\u00ebl e sa mjeran.<br \/>\nTurp p\u00ebr ju dhe t\u00eb tjer\u00eb t\u00eb sojit juaj!?<br \/>\nIsen Shabani.<\/p><\/blockquote>\n","protected":false},"excerpt":{"rendered":"<p>Kryetari i Komun\u00ebs s\u00eb Vrap\u00e7ishtit, Isen Shabani ka ironizuar me Bilall Kasamit dhe partit\u00eb opozitare shqiptare t\u00eb cil\u00ebt dje shpr\u00ebh\u00ebn v\u00ebrejtje p\u00ebr Aleanc\u00ebn p\u00ebr Shqiptar\u00ebt<\/p>\n","protected":false},"author":14,"featured_media":15606,"comment_status":"open","ping_status":"open","sticky":false,"template":"","format":"standard","meta":{"footnotes":""},"categories":[44],"tags":[],"class_list":["post-15605","post","type-post","status-publish","format-standard","has-post-thumbnail","hentry","category-maqedoni"],"_links":{"self":[{"href":"https:\/\/indeks.bilten.mk\/index.php?rest_route=\/wp\/v2\/posts\/15605","targetHints":{"allow":["GET"]}}],"collection":[{"href":"https:\/\/indeks.bilten.mk\/index.php?rest_route=\/wp\/v2\/posts"}],"about":[{"href":"https:\/\/indeks.bilten.mk\/index.php?rest_route=\/wp\/v2\/types\/post"}],"author":[{"embeddable":true,"href":"https:\/\/indeks.bilten.mk\/index.php?rest_route=\/wp\/v2\/users\/14"}],"replies":[{"embeddable":true,"href":"https:\/\/indeks.bilten.mk\/index.php?rest_route=%2Fwp%2Fv2%2Fcomments&post=15605"}],"version-history":[{"count":0,"href":"https:\/\/indeks.bilten.mk\/index.php?rest_route=\/wp\/v2\/posts\/15605\/revisions"}],"wp:featuredmedia":[{"embeddable":true,"href":"https:\/\/indeks.bilten.mk\/index.php?rest_route=\/wp\/v2\/media\/15606"}],"wp:attachment":[{"href":"https:\/\/indeks.bilten.mk\/index.php?rest_route=%2Fwp%2Fv2%2Fmedia&parent=15605"}],"wp:term":[{"taxonomy":"category","embeddable":true,"href":"https:\/\/indeks.bilten.mk\/index.php?rest_route=%2Fwp%2Fv2%2Fcategories&post=15605"},{"taxonomy":"post_tag","embeddable":true,"href":"https:\/\/indeks.bilten.mk\/index.php?rest_route=%2Fwp%2Fv2%2Ftags&post=15605"}],"curies":[{"name":"wp","href":"https:\/\/api.w.org\/{rel}","templated":true}]}}