{"id":15614,"date":"2023-09-04T08:53:23","date_gmt":"2023-09-04T06:53:23","guid":{"rendered":"https:\/\/indeks.mk\/?p=15614"},"modified":"2023-09-04T08:53:23","modified_gmt":"2023-09-04T06:53:23","slug":"detaje-tronditese-nga-krimi-ne-tirane-motra-e-goditi-motren-me-thike","status":"publish","type":"post","link":"https:\/\/indeks.bilten.mk\/?p=15614","title":{"rendered":"Detaje trondit\u00ebse nga krimi n\u00eb Tiran\u00eb\/ Motra e goditi motr\u00ebn me thik\u00eb&#8230;"},"content":{"rendered":"<p>Detaje trondit\u00ebse jan\u00eb zbuluar nga krimi i r\u00ebnd\u00eb n\u00eb familje n\u00eb Tiran\u00eb, ku 40-vje\u00e7arja Marsela Pushani vrau me thik\u00eb t\u00eb motr\u00ebn, Amanda Pushani.<\/p>\n<p>Pas nj\u00eb sherri mes tyre, Marsela Pushani, e cila \u00ebsht\u00eb me profesion m\u00ebsuese, e ka goditur t\u00eb motr\u00ebn me thik\u00eb n\u00eb stomak. Nd\u00ebrsa jan\u00eb p\u00ebrpjekur ta fshehin ngjarjen si vet\u00ebvrasje.<\/p>\n<p>E \u00ebma e autores s\u00eb dyshuar dhe viktim\u00ebs ka njoftuar ambulanc\u00ebn dhe policin\u00eb duke i njoftuar se 37-vje\u00e7arja nuk ndihej mir\u00eb.<\/p>\n<p>Pas autopsis\u00eb ka rezultuar se Amanda Pushani kishte humbur jet\u00ebn si pasoj\u00eb e nj\u00eb plage me thik\u00eb n\u00eb bark.<\/p>\n<p>E motra ka deklaruar se p\u00ebrgjat\u00eb dit\u00ebs s\u00eb djeshme s\u00eb bashku me n\u00ebn\u00ebn e saj kan\u00eb debatuar me 37-vje\u00e7aren, duke i k\u00ebrkuar q\u00eb t\u00eb mos pinte m\u00eb alkool.<\/p>\n<p>\u201cMotra mori thik\u00ebn dhe tentoi t\u00eb m\u00eb godas\u00eb mua dhe mamin. N\u00eb kushtet e vet\u00ebmbrojt\u00ebs e q\u00ebllova me thik\u00eb n\u00eb stomak aksidentalisht\u201d, ka deklaruar Marsela Pushani.<\/p>\n<p>Nd\u00ebrkoh\u00eb m\u00ebsohet se viktima ishte e alkoolizuar dhe shkonte n\u00eb supermarket t\u00eb lagjes ku banonte, e k\u00ebrkonte pije alkoolike, si edhe kishte konflikte me ta.<\/p>\n<p>N\u00ebna dhe motra e saj i kishin k\u00ebrkuar k\u00ebtyre dyqaneve q\u00eb t\u00eb mos i jepnin pije alkoolike 37-vje\u00e7ares.<\/p>\n<p>Sipas autores s\u00eb dyshuar, e motra ishte e alkoolizuar prej 10 vitesh. Dy motrat dhe e \u00ebma jetonin s\u00eb bashku n\u00eb nj\u00eb banes\u00eb n\u00eb rrug\u00ebn \u201cHajdar Hidri\u201d n\u00eb kryeqytet.<\/p>\n","protected":false},"excerpt":{"rendered":"<p>Detaje trondit\u00ebse jan\u00eb zbuluar nga krimi i r\u00ebnd\u00eb n\u00eb familje n\u00eb Tiran\u00eb, ku 40-vje\u00e7arja Marsela Pushani vrau me thik\u00eb t\u00eb motr\u00ebn, Amanda Pushani. Pas nj\u00eb<\/p>\n","protected":false},"author":14,"featured_media":15615,"comment_status":"open","ping_status":"open","sticky":false,"template":"","format":"standard","meta":{"footnotes":""},"categories":[45],"tags":[],"class_list":["post-15614","post","type-post","status-publish","format-standard","has-post-thumbnail","hentry","category-rajoni"],"_links":{"self":[{"href":"https:\/\/indeks.bilten.mk\/index.php?rest_route=\/wp\/v2\/posts\/15614","targetHints":{"allow":["GET"]}}],"collection":[{"href":"https:\/\/indeks.bilten.mk\/index.php?rest_route=\/wp\/v2\/posts"}],"about":[{"href":"https:\/\/indeks.bilten.mk\/index.php?rest_route=\/wp\/v2\/types\/post"}],"author":[{"embeddable":true,"href":"https:\/\/indeks.bilten.mk\/index.php?rest_route=\/wp\/v2\/users\/14"}],"replies":[{"embeddable":true,"href":"https:\/\/indeks.bilten.mk\/index.php?rest_route=%2Fwp%2Fv2%2Fcomments&post=15614"}],"version-history":[{"count":0,"href":"https:\/\/indeks.bilten.mk\/index.php?rest_route=\/wp\/v2\/posts\/15614\/revisions"}],"wp:featuredmedia":[{"embeddable":true,"href":"https:\/\/indeks.bilten.mk\/index.php?rest_route=\/wp\/v2\/media\/15615"}],"wp:attachment":[{"href":"https:\/\/indeks.bilten.mk\/index.php?rest_route=%2Fwp%2Fv2%2Fmedia&parent=15614"}],"wp:term":[{"taxonomy":"category","embeddable":true,"href":"https:\/\/indeks.bilten.mk\/index.php?rest_route=%2Fwp%2Fv2%2Fcategories&post=15614"},{"taxonomy":"post_tag","embeddable":true,"href":"https:\/\/indeks.bilten.mk\/index.php?rest_route=%2Fwp%2Fv2%2Ftags&post=15614"}],"curies":[{"name":"wp","href":"https:\/\/api.w.org\/{rel}","templated":true}]}}