{"id":15617,"date":"2023-09-04T08:55:49","date_gmt":"2023-09-04T06:55:49","guid":{"rendered":"https:\/\/indeks.mk\/?p=15617"},"modified":"2023-09-04T08:55:49","modified_gmt":"2023-09-04T06:55:49","slug":"e-bukur-si-gjithmone-ja-si-dukej-grida-duma-si-nuse","status":"publish","type":"post","link":"https:\/\/indeks.bilten.mk\/?p=15617","title":{"rendered":"E bukur si gjithmon\u00eb! Ja si dukej Grida Duma si nuse"},"content":{"rendered":"<p>P\u00ebrtej paraqitjes dinjitoze t\u00eb p\u00ebrcjelljes s\u00eb mesazheve e diskutimeve n\u00eb panele t\u00eb ndryshme, Grida ka marr\u00eb gjithmon\u00eb v\u00ebmendje me pamjen e saj, stilin dhe sharmin q\u00eb p\u00ebrcjell.<\/p>\n<p>Mir\u00ebpo p\u00ebrtej angazhimit televiziv dhe atij akademik, pak dim\u00eb mbi jet\u00ebn e saj personale dhe si \u00ebsht\u00eb Grida jasht\u00eb petkut serioz.<\/p>\n<p>S\u00eb fundmi n\u00eb nj\u00eb fanpage n\u00eb Instagram po qarkullon nj\u00eb foto e saj me dy nip\u00ebrit.<\/p>\n<p>Nuk \u00ebsht\u00eb ky detaji q\u00eb u ka t\u00ebrhequr v\u00ebmendjen fansave n\u00eb fakt.<\/p>\n<p>Ndjek\u00ebsit kan\u00eb v\u00ebn\u00eb re nj\u00eb tjet\u00ebr detaj, fotot e saj nuse.<\/p>\n<p>N\u00ebse e shihni foton me v\u00ebmendje do t\u00eb shikoni prapa saj disa imazhe bardh\u2019e zi, q\u00eb me siguri jan\u00eb shkrepur dit\u00ebn kur Grida dhe Ilir Shqina i than\u00eb PO nj\u00ebri-tjetrit.<\/p>\n<p><img loading=\"lazy\" decoding=\"async\" class=\"alignnone size-medium wp-image-344849 td-animation-stack-type0-2\" src=\"https:\/\/www.pacensure.com\/wp-content\/uploads\/2023\/09\/DFACC2D6-7025-47FC-BB64-BB06E530073D-239x300.jpeg\" sizes=\"auto, (max-width: 239px) 100vw, 239px\" srcset=\"https:\/\/www.pacensure.com\/wp-content\/uploads\/2023\/09\/DFACC2D6-7025-47FC-BB64-BB06E530073D-239x300.jpeg 239w, https:\/\/www.pacensure.com\/wp-content\/uploads\/2023\/09\/DFACC2D6-7025-47FC-BB64-BB06E530073D-817x1024.jpeg 817w, https:\/\/www.pacensure.com\/wp-content\/uploads\/2023\/09\/DFACC2D6-7025-47FC-BB64-BB06E530073D-120x150.jpeg 120w, https:\/\/www.pacensure.com\/wp-content\/uploads\/2023\/09\/DFACC2D6-7025-47FC-BB64-BB06E530073D-768x963.jpeg 768w, https:\/\/www.pacensure.com\/wp-content\/uploads\/2023\/09\/DFACC2D6-7025-47FC-BB64-BB06E530073D-1225x1536.jpeg 1225w, https:\/\/www.pacensure.com\/wp-content\/uploads\/2023\/09\/DFACC2D6-7025-47FC-BB64-BB06E530073D-696x873.jpeg 696w, https:\/\/www.pacensure.com\/wp-content\/uploads\/2023\/09\/DFACC2D6-7025-47FC-BB64-BB06E530073D-335x420.jpeg 335w, https:\/\/www.pacensure.com\/wp-content\/uploads\/2023\/09\/DFACC2D6-7025-47FC-BB64-BB06E530073D.jpeg 1284w\" alt=\"\" width=\"239\" height=\"300\" \/><\/p>\n","protected":false},"excerpt":{"rendered":"<p>P\u00ebrtej paraqitjes dinjitoze t\u00eb p\u00ebrcjelljes s\u00eb mesazheve e diskutimeve n\u00eb panele t\u00eb ndryshme, Grida ka marr\u00eb gjithmon\u00eb v\u00ebmendje me pamjen e saj, stilin dhe sharmin<\/p>\n","protected":false},"author":14,"featured_media":0,"comment_status":"open","ping_status":"open","sticky":false,"template":"","format":"standard","meta":{"footnotes":""},"categories":[49],"tags":[],"class_list":["post-15617","post","type-post","status-publish","format-standard","hentry","category-showbiz"],"_links":{"self":[{"href":"https:\/\/indeks.bilten.mk\/index.php?rest_route=\/wp\/v2\/posts\/15617","targetHints":{"allow":["GET"]}}],"collection":[{"href":"https:\/\/indeks.bilten.mk\/index.php?rest_route=\/wp\/v2\/posts"}],"about":[{"href":"https:\/\/indeks.bilten.mk\/index.php?rest_route=\/wp\/v2\/types\/post"}],"author":[{"embeddable":true,"href":"https:\/\/indeks.bilten.mk\/index.php?rest_route=\/wp\/v2\/users\/14"}],"replies":[{"embeddable":true,"href":"https:\/\/indeks.bilten.mk\/index.php?rest_route=%2Fwp%2Fv2%2Fcomments&post=15617"}],"version-history":[{"count":0,"href":"https:\/\/indeks.bilten.mk\/index.php?rest_route=\/wp\/v2\/posts\/15617\/revisions"}],"wp:attachment":[{"href":"https:\/\/indeks.bilten.mk\/index.php?rest_route=%2Fwp%2Fv2%2Fmedia&parent=15617"}],"wp:term":[{"taxonomy":"category","embeddable":true,"href":"https:\/\/indeks.bilten.mk\/index.php?rest_route=%2Fwp%2Fv2%2Fcategories&post=15617"},{"taxonomy":"post_tag","embeddable":true,"href":"https:\/\/indeks.bilten.mk\/index.php?rest_route=%2Fwp%2Fv2%2Ftags&post=15617"}],"curies":[{"name":"wp","href":"https:\/\/api.w.org\/{rel}","templated":true}]}}