{"id":15619,"date":"2023-09-04T10:05:20","date_gmt":"2023-09-04T08:05:20","guid":{"rendered":"https:\/\/indeks.mk\/?p=15619"},"modified":"2023-09-04T10:05:20","modified_gmt":"2023-09-04T08:05:20","slug":"lsdm-do-te-kete-pergjegjesi-pas-20-vitesh-per-here-te-pare-zbardhet-nje-rast-i-tille-nga-onkologjia","status":"publish","type":"post","link":"https:\/\/indeks.bilten.mk\/?p=15619","title":{"rendered":"LSDM: Do t\u00eb ket\u00eb p\u00ebrgjegj\u00ebsi! Pas 20 vitesh, p\u00ebr her\u00eb t\u00eb par\u00eb zbardhet nj\u00eb rast i till\u00eb nga Onkologjia"},"content":{"rendered":"<p>\u201cPas 20 vitesh, p\u00ebr her\u00eb t\u00eb par\u00eb, po b\u00ebhet nj\u00eb aksion kaq i madh n\u00eb Onkologji, po zbardhet nj\u00eb rast i tmerrsh\u00ebm penal nga institucionet kompetente dhe Qeveria e udh\u00ebhequr nga LSDM-ja. T\u00eb gjith\u00eb instuticionet e kan\u00eb mb\u00ebshtetjen ton\u00eb t\u00eb fort\u00eb p\u00ebr zgjidhje t\u00eb plot\u00eb dhe zbulimin e t\u00eb gjith\u00eb atyre q\u00eb jan\u00eb p\u00ebrgjegj\u00ebs, n\u00eb t\u00eb gjith\u00eb periudh\u00ebn kohore, vite m\u00eb par\u00eb\u201d, thuhet n\u00eb komunikat\u00ebn e LSDM-s\u00eb n\u00eb lidhje me rastin n\u00eb Klinik\u00ebn e Onkologjis\u00eb.<\/p>\n<div class=\"code-block code-block-43 code-block-pas-paragrafit-2t-inarticle\">\n<div>\n<div class=\"code-block-label\">Nga LSDM thon\u00eb se \u00e7do kriminel ka emrin dhe mbiemrin e tij dhe p\u00ebr t\u00eb gjith\u00eb t\u00eb p\u00ebrfshir\u00ebt do t\u00eb ket\u00eb p\u00ebrgjegj\u00ebsi.<\/div>\n<\/div>\n<\/div>\n<p>\u201cB\u00ebjm\u00eb thirrje q\u00eb t\u00eb mos sensacionalizohen dhe sulmohen t\u00eb gjith\u00eb mjek\u00ebt dhe infermier\u00ebt n\u00eb vend, t\u00eb mos harrojm\u00eb q\u00eb pjesa m\u00eb e madhe e personelit mjek\u00ebsor \u00ebsht\u00eb personel i spikatur, i ndersh\u00ebm dhe profesionist q\u00eb kujdeset p\u00ebr sh\u00ebndetin e qytetar\u00ebve tan\u00eb\u201d.<\/p>\n<div class=\"ai-viewport-1\" data-insertion-position=\"prepend\" data-selector=\".ai-insert-1-21395476\" data-insertion-no-dbg=\"\" data-code=\"PGRpdiBjbGFzcz0nY29kZS1ibG9jayBjb2RlLWJsb2NrLTEgY29kZS1ibG9jay1pbmFydGljbGUtZGVza3RvcCcgc3R5bGU9J21hcmdpbjogOHB4IGF1dG87IHRleHQtYWxpZ246IGNlbnRlcjsgZGlzcGxheTogYmxvY2s7IGNsZWFyOiBib3RoOyB3aWR0aDogMzAwcHg7IGhlaWdodDogNDIwcHg7IGJhY2tncm91bmQtY29sb3I6ICNmZmZmZmY7Jz4KPGRpdiBzdHlsZT0icG9zaXRpb246IHN0aWNreTsgdG9wOiAxNXB4OyI+CjxkaXYgY2xhc3M9ImNvZGUtYmxvY2stbGFiZWwiPlJla2xhbWE8L2Rpdj4KPGRpdiBkYXRhLWFkLXVuaXQtaWQ9Ii8yMjY0NjY1NzExOC9Jbi1hcnRpY2xlX2JveF8yIj48L2Rpdj4KPC9kaXY+CjxkaXYgc3R5bGU9IiBoZWlnaHQ6IDM5MHB4OyI+PC9kaXY+CjwvZGl2Pgo=\" data-block=\"1\">\n<div class=\"code-block code-block-1 code-block-inarticle-desktop\">\n<div>\u201cPolitizimi dhe shp\u00ebrdorimi i rastit \u00ebsht\u00eb i papranuesh\u00ebm, institucionet duhet t\u00eb mb\u00ebshteten p\u00ebr t\u00eb sjell\u00eb sa m\u00eb par\u00eb p\u00ebrgjegj\u00ebsit para drejt\u00ebsis\u00eb. LSDM nuk do t\u00eb lejoj\u00eb q\u00eb askush t\u00eb pasurohet n\u00eb kurriz t\u00eb sh\u00ebndetit t\u00eb njer\u00ebzve dhe as rasti nuk do t\u00eb keqp\u00ebrdoret politikisht nga partit\u00eb kriminale si VMRO-DPMNE\u201d, \u00ebsht\u00eb q\u00ebndrimi i partis\u00eb.<\/div>\n<\/div>\n<\/div>\n","protected":false},"excerpt":{"rendered":"<p>\u201cPas 20 vitesh, p\u00ebr her\u00eb t\u00eb par\u00eb, po b\u00ebhet nj\u00eb aksion kaq i madh n\u00eb Onkologji, po zbardhet nj\u00eb rast i tmerrsh\u00ebm penal nga institucionet<\/p>\n","protected":false},"author":14,"featured_media":0,"comment_status":"open","ping_status":"open","sticky":false,"template":"","format":"standard","meta":{"footnotes":""},"categories":[44],"tags":[],"class_list":["post-15619","post","type-post","status-publish","format-standard","hentry","category-maqedoni"],"_links":{"self":[{"href":"https:\/\/indeks.bilten.mk\/index.php?rest_route=\/wp\/v2\/posts\/15619","targetHints":{"allow":["GET"]}}],"collection":[{"href":"https:\/\/indeks.bilten.mk\/index.php?rest_route=\/wp\/v2\/posts"}],"about":[{"href":"https:\/\/indeks.bilten.mk\/index.php?rest_route=\/wp\/v2\/types\/post"}],"author":[{"embeddable":true,"href":"https:\/\/indeks.bilten.mk\/index.php?rest_route=\/wp\/v2\/users\/14"}],"replies":[{"embeddable":true,"href":"https:\/\/indeks.bilten.mk\/index.php?rest_route=%2Fwp%2Fv2%2Fcomments&post=15619"}],"version-history":[{"count":0,"href":"https:\/\/indeks.bilten.mk\/index.php?rest_route=\/wp\/v2\/posts\/15619\/revisions"}],"wp:attachment":[{"href":"https:\/\/indeks.bilten.mk\/index.php?rest_route=%2Fwp%2Fv2%2Fmedia&parent=15619"}],"wp:term":[{"taxonomy":"category","embeddable":true,"href":"https:\/\/indeks.bilten.mk\/index.php?rest_route=%2Fwp%2Fv2%2Fcategories&post=15619"},{"taxonomy":"post_tag","embeddable":true,"href":"https:\/\/indeks.bilten.mk\/index.php?rest_route=%2Fwp%2Fv2%2Ftags&post=15619"}],"curies":[{"name":"wp","href":"https:\/\/api.w.org\/{rel}","templated":true}]}}