{"id":15626,"date":"2023-09-04T10:45:26","date_gmt":"2023-09-04T08:45:26","guid":{"rendered":"https:\/\/indeks.mk\/?p=15626"},"modified":"2023-09-04T10:45:26","modified_gmt":"2023-09-04T08:45:26","slug":"nga-sot-hyn-ne-fuqi-ndalesa-per-perdorimin-e-celulareve-ne-shkollat-fillore","status":"publish","type":"post","link":"https:\/\/indeks.bilten.mk\/?p=15626","title":{"rendered":"Nga sot hyn n\u00eb fuqi ndalesa p\u00ebr p\u00ebrdorimin e celular\u00ebve n\u00eb shkollat fillore"},"content":{"rendered":"<p>Miratohet vendimi q\u00eb n\u00eb t\u00eb gjith\u00eb shkollat fillore n\u00eb territorin e Maqedonis\u00eb s\u00eb Veriut ndalohet p\u00ebrdorimi i celularit nga nx\u00ebn\u00ebsit.<\/p>\n<p>S\u00eb fundmi Shkolla \u201dAlija Avdoviq\u201d n\u00eb fshatin Batinc\u00eb ka njoftuar se nga sot (e h\u00ebn\u00eb) hyn n\u00eb fuqi ndalesa p\u00ebr bartjen e telefonave n\u00eb shkoll\u00eb dhe p\u00ebrdorimi i kufizuar i telefonave nga arsimtar\u00ebt sipas udh\u00ebzimit t\u00eb MASH-it, p\u00ebrcjell\u00eb Klan M.<\/p>\n<p>\u201dLajm\u00ebrim p\u00ebr nx\u00ebn\u00ebsit e sh.f. \u201cAlija Avdoviq \u201d \u2013 Batinc\u00eb. <\/p>\n<p>Sipas udh\u00ebzimit t\u00eb Ministris\u00eb s\u00eb Arsimit dhe Shkenc\u00ebs, nj\u00ebz\u00ebri i miratuar n\u00eb K\u00ebshillin Arsimor t\u00eb shkoll\u00ebs \u201cAlija Avdoviq \u201d lajm\u00ebrohen t\u00eb gjith\u00eb nx\u00ebn\u00ebsit q\u00eb nga klasa e par\u00eb deri n\u00eb klas\u00ebn e n\u00ebnt\u00eb, q\u00eb prej nes\u00ebr 4.9.2023 hyn n\u00eb fuqi ndalesa absolute e bartjes s\u00eb telefonave n\u00eb shkoll\u00eb dhe p\u00ebrdorimi i kufizuar i telefonave nga arsimtar\u00ebt.<\/p>\n<p>Po ashtu pirja e duhanit n\u00eb shkoll\u00eb \u00ebsht\u00eb kthyer n\u00eb nj\u00eb shqet\u00ebsim si p\u00ebr autoritetet e institucioneve ashtu edhe p\u00ebr nx\u00ebn\u00ebsit tan\u00eb. .K\u00ebshilli yn\u00eb i shkoll\u00ebs bashk\u00eb me drejtorin kan\u00eb vendosur q\u00eb pirja e duhanit n\u00eb ambientet e shkoll\u00ebs nga data : 04.09.2023 do t\u00eb jet\u00eb rrept\u00ebsisht i ndaluar. \u00c7do prind do ta ket\u00eb numrin e telefonit t\u00eb kujdestarit t\u00eb klas\u00ebs, t\u00eb sh\u00ebrbimit profesional dhe t\u00eb drejtorit p\u00ebr \u00e7do nevoj\u00eb t\u00eb nx\u00ebn\u00ebsit. Ky lajm\u00ebrim duhet t\u00eb merret si serioz, sepse \u00e7do telefon i z\u00ebn\u00eb n\u00eb hapsirat e shkoll\u00ebs do t\u00eb merret dhe nuk do t\u00eb kthehet deri n\u00eb fund t\u00eb vitit shkollor\u201d \u2013 thuhet n\u00eb njoftim. \/KlanMacedonia\/<\/p>\n","protected":false},"excerpt":{"rendered":"<p>Miratohet vendimi q\u00eb n\u00eb t\u00eb gjith\u00eb shkollat fillore n\u00eb territorin e Maqedonis\u00eb s\u00eb Veriut ndalohet p\u00ebrdorimi i celularit nga nx\u00ebn\u00ebsit. S\u00eb fundmi Shkolla \u201dAlija Avdoviq\u201d<\/p>\n","protected":false},"author":14,"featured_media":15627,"comment_status":"open","ping_status":"open","sticky":false,"template":"","format":"standard","meta":{"footnotes":""},"categories":[44],"tags":[],"class_list":["post-15626","post","type-post","status-publish","format-standard","has-post-thumbnail","hentry","category-maqedoni"],"_links":{"self":[{"href":"https:\/\/indeks.bilten.mk\/index.php?rest_route=\/wp\/v2\/posts\/15626","targetHints":{"allow":["GET"]}}],"collection":[{"href":"https:\/\/indeks.bilten.mk\/index.php?rest_route=\/wp\/v2\/posts"}],"about":[{"href":"https:\/\/indeks.bilten.mk\/index.php?rest_route=\/wp\/v2\/types\/post"}],"author":[{"embeddable":true,"href":"https:\/\/indeks.bilten.mk\/index.php?rest_route=\/wp\/v2\/users\/14"}],"replies":[{"embeddable":true,"href":"https:\/\/indeks.bilten.mk\/index.php?rest_route=%2Fwp%2Fv2%2Fcomments&post=15626"}],"version-history":[{"count":0,"href":"https:\/\/indeks.bilten.mk\/index.php?rest_route=\/wp\/v2\/posts\/15626\/revisions"}],"wp:featuredmedia":[{"embeddable":true,"href":"https:\/\/indeks.bilten.mk\/index.php?rest_route=\/wp\/v2\/media\/15627"}],"wp:attachment":[{"href":"https:\/\/indeks.bilten.mk\/index.php?rest_route=%2Fwp%2Fv2%2Fmedia&parent=15626"}],"wp:term":[{"taxonomy":"category","embeddable":true,"href":"https:\/\/indeks.bilten.mk\/index.php?rest_route=%2Fwp%2Fv2%2Fcategories&post=15626"},{"taxonomy":"post_tag","embeddable":true,"href":"https:\/\/indeks.bilten.mk\/index.php?rest_route=%2Fwp%2Fv2%2Ftags&post=15626"}],"curies":[{"name":"wp","href":"https:\/\/api.w.org\/{rel}","templated":true}]}}