{"id":15629,"date":"2023-09-04T10:47:15","date_gmt":"2023-09-04T08:47:15","guid":{"rendered":"https:\/\/indeks.mk\/?p=15629"},"modified":"2023-09-04T10:51:05","modified_gmt":"2023-09-04T08:51:05","slug":"bdi-te-zbardhen-ne-teresi-dyshimet-ne-kliniken-e-onkologjise","status":"publish","type":"post","link":"https:\/\/indeks.bilten.mk\/?p=15629","title":{"rendered":"BDI: T\u00eb zbardhen n\u00eb t\u00ebr\u00ebsi dyshimet n\u00eb Klinik\u00ebn e Onkologjis\u00eb"},"content":{"rendered":"<p>Nga Bashkimit Demokratik p\u00ebr Integrim kan\u00eb reaguar p\u00ebr ngjarjet e fundit n\u00eb Klinik\u00ebn e Onkologjis\u00eb n\u00eb Shkup.<\/p>\n<p>P\u00ebrmes nj\u00eb komunikate p\u00ebr media, nga BDI thon\u00eb se i gjith\u00eb rasti duhet t\u00eb zbardhet n\u00eb t\u00ebr\u00ebsi dhe personat e involvuar n\u00eb proces t\u00eb dalin para drejt\u00ebsis\u00eb. <\/p>\n<p>Komunikata e plot\u00eb: <\/p>\n<p>Bashkimi Demokratik p\u00ebr Integrim me shqet\u00ebsim t\u00eb madh po i ndjek zhvillimet rreth dyshimeve p\u00ebr keqp\u00ebrdorime n\u00eb Klinik\u00ebn e Onkologjis\u00eb.<\/p>\n<p>Bashkimi Demokratik p\u00ebr Integrim k\u00ebrkon q\u00eb institucionet kompetente, n\u00eb ve\u00e7anti prokuroria, urgjentisht dhe detajisht t\u00eb hetojn\u00eb t\u00eb gjitha pretendimet p\u00ebr keqp\u00ebrdorime t\u00eb r\u00ebnda mbi jet\u00ebn dhe sh\u00ebndetin e pacient\u00ebve.<\/p>\n<p>BDI p\u00ebrkrah t\u00ebr\u00ebsisht aksionin e realizuar dit\u00eb m\u00eb par\u00eb nga Ministria e Pun\u00ebve t\u00eb Brendshme dhe Prokuroria dhe fton institucionet q\u00eb hetime t\u00eb tilla t\u00eb zhvillohen edhe n\u00eb klinikat dhe institucionet tjera.<\/p>\n<p>K\u00ebto pretendime p\u00ebrfshijn\u00eb njer\u00ebz t\u00eb involvuar nd\u00ebr vite dhe nd\u00ebr administrata, prandaj partit\u00eb politike duhet t\u00eb q\u00ebndrojn\u00eb larg nga hetimet dhe mos t\u2019i kompromitojn\u00eb ato, por t\u2019i p\u00ebrkrahin pa rezerv\u00eb.<\/p>\n<p>Bashkimi Demokratik p\u00ebr Integrim k\u00ebrkon q\u00eb personat p\u00ebrgjegj\u00ebs t\u00eb dalin para drejt\u00ebsis\u00eb dhe mos t\u00eb keqp\u00ebrdoret p\u00ebr q\u00ebllime politike n\u00eb momentin q\u00eb vendi gjendet para nj\u00eb tjet\u00ebr sfide t\u00eb r\u00ebnd\u00ebsishme.<\/p>\n<p>BDI gjithashtu apelon q\u00eb mos t\u00eb lin\u00e7ohet i t\u00ebr\u00eb personeli mjek\u00ebsor t\u00eb cil\u00ebt jan\u00eb n\u00eb krye t\u00eb detyr\u00ebs dhe shp\u00ebtojn\u00eb jet\u00eb \u00e7do dit\u00eb.<\/p>\n","protected":false},"excerpt":{"rendered":"<p>Nga Bashkimit Demokratik p\u00ebr Integrim kan\u00eb reaguar p\u00ebr ngjarjet e fundit n\u00eb Klinik\u00ebn e Onkologjis\u00eb n\u00eb Shkup. P\u00ebrmes nj\u00eb komunikate p\u00ebr media, nga BDI thon\u00eb<\/p>\n","protected":false},"author":14,"featured_media":0,"comment_status":"open","ping_status":"open","sticky":false,"template":"","format":"standard","meta":{"footnotes":""},"categories":[44],"tags":[],"class_list":["post-15629","post","type-post","status-publish","format-standard","hentry","category-maqedoni"],"_links":{"self":[{"href":"https:\/\/indeks.bilten.mk\/index.php?rest_route=\/wp\/v2\/posts\/15629","targetHints":{"allow":["GET"]}}],"collection":[{"href":"https:\/\/indeks.bilten.mk\/index.php?rest_route=\/wp\/v2\/posts"}],"about":[{"href":"https:\/\/indeks.bilten.mk\/index.php?rest_route=\/wp\/v2\/types\/post"}],"author":[{"embeddable":true,"href":"https:\/\/indeks.bilten.mk\/index.php?rest_route=\/wp\/v2\/users\/14"}],"replies":[{"embeddable":true,"href":"https:\/\/indeks.bilten.mk\/index.php?rest_route=%2Fwp%2Fv2%2Fcomments&post=15629"}],"version-history":[{"count":0,"href":"https:\/\/indeks.bilten.mk\/index.php?rest_route=\/wp\/v2\/posts\/15629\/revisions"}],"wp:attachment":[{"href":"https:\/\/indeks.bilten.mk\/index.php?rest_route=%2Fwp%2Fv2%2Fmedia&parent=15629"}],"wp:term":[{"taxonomy":"category","embeddable":true,"href":"https:\/\/indeks.bilten.mk\/index.php?rest_route=%2Fwp%2Fv2%2Fcategories&post=15629"},{"taxonomy":"post_tag","embeddable":true,"href":"https:\/\/indeks.bilten.mk\/index.php?rest_route=%2Fwp%2Fv2%2Ftags&post=15629"}],"curies":[{"name":"wp","href":"https:\/\/api.w.org\/{rel}","templated":true}]}}