{"id":15642,"date":"2023-09-04T11:43:17","date_gmt":"2023-09-04T09:43:17","guid":{"rendered":"https:\/\/indeks.mk\/?p=15642"},"modified":"2023-09-04T11:43:17","modified_gmt":"2023-09-04T09:43:17","slug":"fero-thumbon-gold-ag-ne-fe-hyhet-komplet-islami-nuk-lejon-laramana","status":"publish","type":"post","link":"https:\/\/indeks.bilten.mk\/?p=15642","title":{"rendered":"Fero \u2018thumbon\u2019 Gold Ag: N\u00eb fe hyhet komplet, islami nuk lejon laramana"},"content":{"rendered":"<p>Fero tashm\u00eb ka fituar simpatin\u00eb e shum\u00eb personave pasi ka kaluar nga feja islame.<\/p>\n<p>Lidhur me kalimin e tij n\u00eb fe, ka folur vet\u00eb ai.<\/p>\n<p>I ftuar tek Kojshia Show, ai ka folur edhe p\u00ebr largimin e tij nga muzika.<\/p>\n<p>Ai ka treguar se ndryshimi i tij ka folur gjat\u00eb q\u00ebndrimit t\u00eb tij n\u00eb burg, nd\u00ebr t\u00eb tjera ai ka treguar se kurr\u00eb nuk \u00ebsht\u00eb ndjer\u00eb m\u00eb i lumtur.<\/p>\n<p>I pyetur se \u00e7ka mendon p\u00ebr k\u00ebng\u00ebtar\u00ebt e tjer\u00eb q\u00eb kan\u00eb hyr\u00eb n\u00eb fe dhe vazhdojn\u00eb t\u00eb mirren me muzik\u00eb, ai tha se n\u00eb islam hyhet komplet dhe se kjo fe nuk e pranon laramanin\u00eb.<\/p>\n<p>Edhe pse nuk foli me emra, kjo deklarat\u00eb e tij la t\u00eb kuptoj\u00eb qart\u00eb se \u00ebsht\u00eb duke folur edhe p\u00ebr k\u00ebng\u00ebtarin Gold AG, ku edhe ky i fundit ka koh\u00eb q\u00eb iu \u00ebsht\u00eb p\u00ebrkushtuar fes\u00eb, nd\u00ebrsa vazhdon ende t\u00eb mirret me muzik\u00eb.<\/p>\n","protected":false},"excerpt":{"rendered":"<p>Fero tashm\u00eb ka fituar simpatin\u00eb e shum\u00eb personave pasi ka kaluar nga feja islame. Lidhur me kalimin e tij n\u00eb fe, ka folur vet\u00eb ai.<\/p>\n","protected":false},"author":14,"featured_media":15650,"comment_status":"open","ping_status":"open","sticky":false,"template":"","format":"standard","meta":{"footnotes":""},"categories":[49],"tags":[],"class_list":["post-15642","post","type-post","status-publish","format-standard","has-post-thumbnail","hentry","category-showbiz"],"_links":{"self":[{"href":"https:\/\/indeks.bilten.mk\/index.php?rest_route=\/wp\/v2\/posts\/15642","targetHints":{"allow":["GET"]}}],"collection":[{"href":"https:\/\/indeks.bilten.mk\/index.php?rest_route=\/wp\/v2\/posts"}],"about":[{"href":"https:\/\/indeks.bilten.mk\/index.php?rest_route=\/wp\/v2\/types\/post"}],"author":[{"embeddable":true,"href":"https:\/\/indeks.bilten.mk\/index.php?rest_route=\/wp\/v2\/users\/14"}],"replies":[{"embeddable":true,"href":"https:\/\/indeks.bilten.mk\/index.php?rest_route=%2Fwp%2Fv2%2Fcomments&post=15642"}],"version-history":[{"count":0,"href":"https:\/\/indeks.bilten.mk\/index.php?rest_route=\/wp\/v2\/posts\/15642\/revisions"}],"wp:featuredmedia":[{"embeddable":true,"href":"https:\/\/indeks.bilten.mk\/index.php?rest_route=\/wp\/v2\/media\/15650"}],"wp:attachment":[{"href":"https:\/\/indeks.bilten.mk\/index.php?rest_route=%2Fwp%2Fv2%2Fmedia&parent=15642"}],"wp:term":[{"taxonomy":"category","embeddable":true,"href":"https:\/\/indeks.bilten.mk\/index.php?rest_route=%2Fwp%2Fv2%2Fcategories&post=15642"},{"taxonomy":"post_tag","embeddable":true,"href":"https:\/\/indeks.bilten.mk\/index.php?rest_route=%2Fwp%2Fv2%2Ftags&post=15642"}],"curies":[{"name":"wp","href":"https:\/\/api.w.org\/{rel}","templated":true}]}}