{"id":15657,"date":"2023-09-04T13:16:42","date_gmt":"2023-09-04T11:16:42","guid":{"rendered":"https:\/\/indeks.mk\/?p=15657"},"modified":"2023-09-04T13:16:42","modified_gmt":"2023-09-04T11:16:42","slug":"kjo-eshte-gjendja-aktuale-shendetesore-e-fatos-nanos","status":"publish","type":"post","link":"https:\/\/indeks.bilten.mk\/?p=15657","title":{"rendered":"Kjo \u00ebsht\u00eb gjendja aktuale sh\u00ebndet\u00ebsore e Fatos Nanos"},"content":{"rendered":"<p>Pas disa dit\u00ebsh shtrimi n\u00eb spital, Nano ka nj\u00eb p\u00ebrmir\u00ebsim t\u00eb ndjesh\u00ebm t\u00eb sh\u00ebndetit t\u00eb tij.<\/p>\n<p>Ish-kryeministri aktualisht nuk \u00ebsht\u00eb n\u00eb intubim, por ai vazhdon t\u00eb jet\u00eb n\u00ebn kujdesin intensiv.<\/p>\n<p>Sipas mjek\u00ebve gjendja aktuale e Nanos \u00ebsht\u00eb e stabilizuar, frym\u00ebmarrja e tij nuk realizohet n\u00ebp\u00ebrmjet nje pajisje ndihm\u00ebse. Mjek\u00ebt shprehen t\u00eb kujdessh\u00ebm se rehabilitimi i ish-kryeministrit ka nj\u00eb rrug\u00eb t\u00eb gjat\u00eb<\/p>\n<p>Prej disa dit\u00ebsh u shtrua n\u00eb spital, pasi ai prej koh\u00ebsh vuan nga nj\u00eb s\u00ebmundje pulmonare, nj\u00eb s\u00ebmundje q\u00eb v\u00ebshtir\u00ebson frym\u00ebmarrjen.<\/p>\n","protected":false},"excerpt":{"rendered":"<p>Pas disa dit\u00ebsh shtrimi n\u00eb spital, Nano ka nj\u00eb p\u00ebrmir\u00ebsim t\u00eb ndjesh\u00ebm t\u00eb sh\u00ebndetit t\u00eb tij. Ish-kryeministri aktualisht nuk \u00ebsht\u00eb n\u00eb intubim, por ai vazhdon<\/p>\n","protected":false},"author":14,"featured_media":15658,"comment_status":"open","ping_status":"open","sticky":false,"template":"","format":"standard","meta":{"footnotes":""},"categories":[45],"tags":[],"class_list":["post-15657","post","type-post","status-publish","format-standard","has-post-thumbnail","hentry","category-rajoni"],"_links":{"self":[{"href":"https:\/\/indeks.bilten.mk\/index.php?rest_route=\/wp\/v2\/posts\/15657","targetHints":{"allow":["GET"]}}],"collection":[{"href":"https:\/\/indeks.bilten.mk\/index.php?rest_route=\/wp\/v2\/posts"}],"about":[{"href":"https:\/\/indeks.bilten.mk\/index.php?rest_route=\/wp\/v2\/types\/post"}],"author":[{"embeddable":true,"href":"https:\/\/indeks.bilten.mk\/index.php?rest_route=\/wp\/v2\/users\/14"}],"replies":[{"embeddable":true,"href":"https:\/\/indeks.bilten.mk\/index.php?rest_route=%2Fwp%2Fv2%2Fcomments&post=15657"}],"version-history":[{"count":0,"href":"https:\/\/indeks.bilten.mk\/index.php?rest_route=\/wp\/v2\/posts\/15657\/revisions"}],"wp:featuredmedia":[{"embeddable":true,"href":"https:\/\/indeks.bilten.mk\/index.php?rest_route=\/wp\/v2\/media\/15658"}],"wp:attachment":[{"href":"https:\/\/indeks.bilten.mk\/index.php?rest_route=%2Fwp%2Fv2%2Fmedia&parent=15657"}],"wp:term":[{"taxonomy":"category","embeddable":true,"href":"https:\/\/indeks.bilten.mk\/index.php?rest_route=%2Fwp%2Fv2%2Fcategories&post=15657"},{"taxonomy":"post_tag","embeddable":true,"href":"https:\/\/indeks.bilten.mk\/index.php?rest_route=%2Fwp%2Fv2%2Ftags&post=15657"}],"curies":[{"name":"wp","href":"https:\/\/api.w.org\/{rel}","templated":true}]}}