{"id":15660,"date":"2023-09-04T13:18:58","date_gmt":"2023-09-04T11:18:58","guid":{"rendered":"https:\/\/indeks.mk\/?p=15660"},"modified":"2023-09-04T13:18:58","modified_gmt":"2023-09-04T11:18:58","slug":"begaj-thote-se-nderkombetaret-mundesuan-sovranitetin-e-kosoves-smund-te-themi-sot-si-duam","status":"publish","type":"post","link":"https:\/\/indeks.bilten.mk\/?p=15660","title":{"rendered":"Begaj thot\u00eb se nd\u00ebrkomb\u00ebtar\u00ebt mund\u00ebsuan sovranitetin e Kosov\u00ebs: S\u2019mund t\u00eb themi sot s\u2019i duam"},"content":{"rendered":"<p>Presidenti i Shqip\u00ebris\u00eb, Bajram Begaj, thot\u00eb se ngjarjet n\u00eb komunat veriore kan\u00eb qen\u00eb \u201cshum\u00eb shqet\u00ebsuese\u201d, derisa shton se ato jan\u00eb ndjekur me shum\u00eb interes nga Shqip\u00ebria.<\/p>\n<p>Prioriteti i panegociuesh\u00ebm p\u00ebr Begajn \u00ebsht\u00eb q\u00eb t\u00eb punohet rreth Marr\u00ebveshjes s\u00eb Brukselit dhe Aneksit t\u00eb Ohrit.<\/p>\n<p>\u201cIntegriteti dhe sovraniteti i Kosov\u00ebs nuk e di q\u00eb \u00ebsht\u00eb v\u00ebn\u00eb n\u00eb diskutim asnj\u00ebher\u00eb, nga askush. Padyshim q\u00eb ka pasur disa k\u00ebrkesa nga komuniteti nd\u00ebrkomb\u00ebtar p\u00ebr deeskalimin e situat\u00ebs n\u00eb Veri t\u00eb Kosov\u00ebs. Ngjarjet kan\u00eb qen\u00eb shum\u00eb shqet\u00ebsuese, ashtu si\u00e7 e p\u00ebrmendi edhe presidentja Osmani. Jan\u00eb ndjekur me mjaft interes edhe nga ana jon\u00eb. Un\u00eb jam i parimit q\u00eb ne nuk duhet t\u00eb biem pre e provokimeve dhe t\u00eb punojm\u00eb pastaj p\u00ebr teorin\u00eb e shtensionimit t\u00eb situat\u00ebs kur tensionohet. Ne si komb, si dy shtete kemi prioritet tona, k\u00ebto prioritete nuk duhet t\u00eb cenohen nga askush dhe prioriteti i panegociuesh\u00ebm p\u00ebr mua \u00ebsht\u00eb q\u00eb ne duhet t\u00eb punojm\u00eb rreth marr\u00ebveshjes s\u00eb dakorduar publikisht t\u00eb Brukselit dhe aneksit t\u00eb Ohrit q\u00eb \u00e7on n\u00eb normalizimin e marr\u00ebdh\u00ebnieve mes Kosov\u00ebs dhe Serbis\u00eb dhe padyshim pastaj \u00e7on n\u00eb njohje t\u00eb nd\u00ebrsjell\u00eb dhe n\u00eb respektimin e minoriteteve sipas kushtetut\u00ebs s\u00eb Kosov\u00ebs\u201d, tha Begaj.<\/p>\n<p>Presidenti i Shqip\u00ebris\u00eb tha se deklarata m\u00eb e mir\u00eb \u00ebsht\u00eb ajo e Alicia Kearns q\u00eb tha se duhet t\u00eb mb\u00ebshtet parimi i barazis\u00eb dhe jo t\u00eb anatemohet Kosova sikur ajo \u00ebsht\u00eb problemi.<\/p>\n<p>Mir\u00ebpo, sipas Begajt problem \u00ebsht\u00eb perceptimi. Ai thot\u00eb se perceptimi i nd\u00ebrkomb\u00ebtar\u00ebve \u00ebsht\u00eb q\u00eb faji \u00ebsht\u00eb i Kosov\u00ebs dhe vler\u00ebson se ky perceptim duhet t\u00eb ndryshoj\u00eb.<\/p>\n<p>N\u00eb fund, Begaj deklaroi se nd\u00ebrkomb\u00ebtar\u00ebt mund\u00ebsuan sovranitetin dhe integritetin e Kosov\u00ebs, e sipas tij nuk mund t\u00eb thuhet \u201csot nuk i duam\u201d.<\/p>\n<p>\u201cUn\u00eb nuk mendoj q\u00eb ka pasur deklarat\u00eb m\u00eb t\u00eb mir\u00eb sesa ajo e Alicia Kearns, e cila e tha shum\u00eb mir\u00eb q\u00eb ne duhet t\u00eb mb\u00ebshtesin parimit e barazis\u00eb n\u00eb k\u00ebt\u00eb konflikt dhe jo vet\u00ebm ta anatemojm\u00eb Kosov\u00ebn sikur ajo \u00ebsht\u00eb problemi. Problemi \u00ebsht\u00eb te perceptimi. Perceptimi i nd\u00ebrkomb\u00ebtar\u00ebve \u00ebsht\u00eb q\u00eb \u00ebsht\u00eb faji jon\u00eb, i Kosov\u00ebs dhe ky perceptim duhet t\u00eb ndryshoj\u00eb sepse ne realisht e dim\u00eb se kush i shkakton problemet, kush \u00ebsht\u00eb ai q\u00eb provokon. Por n\u00eb k\u00ebto situata t\u00eb v\u00ebshtira duhet t\u00eb b\u00ebjm\u00eb zgjidhje t\u00eb men\u00e7ura, duhet ta dim\u00eb sit \u00eb dalim nga situata dhe t\u00eb kemi parasysh q\u00eb interesi yn\u00eb n\u00eb madhor \u00ebsht\u00eb sovraniteti dhe integriteti territorial i Kosov\u00ebs q\u00eb askush nuk e v\u00eb n\u00eb dyshim, dhe natyrisht k\u00ebtu hyn mb\u00ebshtetja nd\u00ebrkomb\u00ebtare. Pa mb\u00ebshtetjen e nd\u00ebrkomb\u00ebtar\u00ebve, pa mb\u00ebshtetjen e atyre q\u00eb ishin ata q\u00eb e mund\u00ebsuan k\u00ebt\u00eb realitet, nuk mund t\u00eb themi sot q\u00eb nuk i duam\u201d, tha Begaj. \/GazetaExpress\/<\/p>\n","protected":false},"excerpt":{"rendered":"<p>Presidenti i Shqip\u00ebris\u00eb, Bajram Begaj, thot\u00eb se ngjarjet n\u00eb komunat veriore kan\u00eb qen\u00eb \u201cshum\u00eb shqet\u00ebsuese\u201d, derisa shton se ato jan\u00eb ndjekur me shum\u00eb interes nga<\/p>\n","protected":false},"author":14,"featured_media":15661,"comment_status":"open","ping_status":"open","sticky":false,"template":"","format":"standard","meta":{"footnotes":""},"categories":[45],"tags":[],"class_list":["post-15660","post","type-post","status-publish","format-standard","has-post-thumbnail","hentry","category-rajoni"],"_links":{"self":[{"href":"https:\/\/indeks.bilten.mk\/index.php?rest_route=\/wp\/v2\/posts\/15660","targetHints":{"allow":["GET"]}}],"collection":[{"href":"https:\/\/indeks.bilten.mk\/index.php?rest_route=\/wp\/v2\/posts"}],"about":[{"href":"https:\/\/indeks.bilten.mk\/index.php?rest_route=\/wp\/v2\/types\/post"}],"author":[{"embeddable":true,"href":"https:\/\/indeks.bilten.mk\/index.php?rest_route=\/wp\/v2\/users\/14"}],"replies":[{"embeddable":true,"href":"https:\/\/indeks.bilten.mk\/index.php?rest_route=%2Fwp%2Fv2%2Fcomments&post=15660"}],"version-history":[{"count":0,"href":"https:\/\/indeks.bilten.mk\/index.php?rest_route=\/wp\/v2\/posts\/15660\/revisions"}],"wp:featuredmedia":[{"embeddable":true,"href":"https:\/\/indeks.bilten.mk\/index.php?rest_route=\/wp\/v2\/media\/15661"}],"wp:attachment":[{"href":"https:\/\/indeks.bilten.mk\/index.php?rest_route=%2Fwp%2Fv2%2Fmedia&parent=15660"}],"wp:term":[{"taxonomy":"category","embeddable":true,"href":"https:\/\/indeks.bilten.mk\/index.php?rest_route=%2Fwp%2Fv2%2Fcategories&post=15660"},{"taxonomy":"post_tag","embeddable":true,"href":"https:\/\/indeks.bilten.mk\/index.php?rest_route=%2Fwp%2Fv2%2Ftags&post=15660"}],"curies":[{"name":"wp","href":"https:\/\/api.w.org\/{rel}","templated":true}]}}