{"id":15663,"date":"2023-09-04T13:22:22","date_gmt":"2023-09-04T11:22:22","guid":{"rendered":"https:\/\/indeks.mk\/?p=15663"},"modified":"2023-09-04T13:22:22","modified_gmt":"2023-09-04T11:22:22","slug":"vrau-babane-e-verber-zbardhet-deshmia-e-23-vjecarit-shqiptar-pas-krimit","status":"publish","type":"post","link":"https:\/\/indeks.bilten.mk\/?p=15663","title":{"rendered":"Vrau baban\u00eb e verb\u00ebr, zbardhet d\u00ebshmia e 23-vje\u00e7arit shqiptar pas krimit&#8230;"},"content":{"rendered":"<p>23-vje\u00e7ari Mateo Gllucaj, i cili vrau baban\u00eb e tij tre dit\u00eb m\u00eb par\u00eb n\u00eb Selenic\u00eb, \u00ebsht\u00eb l\u00ebn\u00eb n\u00eb burg nga Gjykata n\u00eb nj\u00eb senac\u00eb me dyer t\u00eb mbyllura.<\/p>\n<p>Gjyqtarja e \u00e7\u00ebshtjes ka pranuar k\u00ebrkes\u00ebn e prokuroris\u00eb p\u00ebr nj\u00eb mas\u00eb m\u00eb t\u00eb ashp\u00ebr sigurie pasi sipas tyre provat jan\u00eb evidente. N\u00eb sall\u00eb \u00ebsht\u00eb marr edhe d\u00ebshmia e 23-vje\u00e7arit i cili ka mbajtur t\u00eb nj\u00ebjtin q\u00ebndrim si n\u00eb komisariat. Ai ka pranuar krimin teksa ka d\u00ebshmuar se babai i dhunonte t\u00eb gjith\u00eb dhe p\u00ebr m\u00eb tep\u00ebr shum\u00eb her\u00eb e kishte nxjerr nga sht\u00ebpia.<\/p>\n<p>I riu nuk ka treguar deri tani se ku i ka gjetur municionet q\u00eb kishte n\u00eb banes\u00eb, teksa pas vendimit t\u00eb gjykat\u00ebs \u00ebsht\u00eb transportuar drejt paraburgimit.<\/p>\n<p>Ngjarja e r\u00ebnd\u00eb ndodhi m\u00eb 2 shtator n\u00eb Selenic\u00eb, ku 23-vje\u00e7ari, Mato Gllucaj, ka vrar\u00eb baban\u00eb e tij duke i vendosur eksploziv n\u00eb sob\u00ebn me gaz.<\/p>\n<p>Fillimisht ngjarja u raportua si aksidentale, si rezultat i shp\u00ebrthimit t\u00eb nj\u00eb bombole gazi, por nga hetimet e thelluara rezultoi se 56-vje\u00e7ari humbi jet\u00ebn pas shp\u00ebrthimit t\u00eb l\u00ebnd\u00ebs plas\u00ebse q\u00eb ishte vendosur n\u00eb sob\u00ebn me gaz, nga i biri i tij.<\/p>\n<p>Sipas policis\u00eb, 23-vje\u00e7ari dyshohet se p\u00ebr shkak t\u00eb dhun\u00ebs s\u00eb vazhdueshme q\u00eb babai ka ushtruar ndaj tij, ka vendosur l\u00ebnd\u00eb plas\u00ebse n\u00eb sob\u00ebn me gaz, n\u00eb oborrin e banes\u00ebs, nga shp\u00ebrthimi i s\u00eb cil\u00ebs humbi jet\u00ebn 56-vje\u00e7ari.<\/p>\n<p>Nd\u00ebrkoh\u00eb n\u00eb cil\u00ebsin\u00eb e prov\u00ebs materiale jan\u00eb sekuestruar: mekanizmi elektrik me t\u00eb cilin \u00ebsht\u00eb realizuar shp\u00ebrthimi, 25 granata dore difensive, 37 kall\u00ebpe me l\u00ebnd\u00eb plas\u00ebse tritol (me pesh\u00eb 400 gr. secila), 43 kapsolla detonatore, 5 ndez\u00ebsa granatash, 1 arm\u00eb zjari pushk\u00eb, 1 celular, 2 thika, 310 fishek\u00eb luftarak\u00eb, 12 krehra p\u00ebr arm\u00eb zjarri, 2 radio marr\u00ebse-dh\u00ebn\u00ebse, kapu\u00e7a dhe veshje p\u00ebr mbulimin e fytyr\u00ebs dhe mjete p\u00ebr punime elektrike me ngjitje.<\/p>\n","protected":false},"excerpt":{"rendered":"<p>23-vje\u00e7ari Mateo Gllucaj, i cili vrau baban\u00eb e tij tre dit\u00eb m\u00eb par\u00eb n\u00eb Selenic\u00eb, \u00ebsht\u00eb l\u00ebn\u00eb n\u00eb burg nga Gjykata n\u00eb nj\u00eb senac\u00eb me<\/p>\n","protected":false},"author":14,"featured_media":15664,"comment_status":"open","ping_status":"open","sticky":false,"template":"","format":"standard","meta":{"footnotes":""},"categories":[45],"tags":[],"class_list":["post-15663","post","type-post","status-publish","format-standard","has-post-thumbnail","hentry","category-rajoni"],"_links":{"self":[{"href":"https:\/\/indeks.bilten.mk\/index.php?rest_route=\/wp\/v2\/posts\/15663","targetHints":{"allow":["GET"]}}],"collection":[{"href":"https:\/\/indeks.bilten.mk\/index.php?rest_route=\/wp\/v2\/posts"}],"about":[{"href":"https:\/\/indeks.bilten.mk\/index.php?rest_route=\/wp\/v2\/types\/post"}],"author":[{"embeddable":true,"href":"https:\/\/indeks.bilten.mk\/index.php?rest_route=\/wp\/v2\/users\/14"}],"replies":[{"embeddable":true,"href":"https:\/\/indeks.bilten.mk\/index.php?rest_route=%2Fwp%2Fv2%2Fcomments&post=15663"}],"version-history":[{"count":0,"href":"https:\/\/indeks.bilten.mk\/index.php?rest_route=\/wp\/v2\/posts\/15663\/revisions"}],"wp:featuredmedia":[{"embeddable":true,"href":"https:\/\/indeks.bilten.mk\/index.php?rest_route=\/wp\/v2\/media\/15664"}],"wp:attachment":[{"href":"https:\/\/indeks.bilten.mk\/index.php?rest_route=%2Fwp%2Fv2%2Fmedia&parent=15663"}],"wp:term":[{"taxonomy":"category","embeddable":true,"href":"https:\/\/indeks.bilten.mk\/index.php?rest_route=%2Fwp%2Fv2%2Fcategories&post=15663"},{"taxonomy":"post_tag","embeddable":true,"href":"https:\/\/indeks.bilten.mk\/index.php?rest_route=%2Fwp%2Fv2%2Ftags&post=15663"}],"curies":[{"name":"wp","href":"https:\/\/api.w.org\/{rel}","templated":true}]}}