{"id":15666,"date":"2023-09-04T13:32:02","date_gmt":"2023-09-04T11:32:02","guid":{"rendered":"https:\/\/indeks.mk\/?p=15666"},"modified":"2023-09-04T13:32:02","modified_gmt":"2023-09-04T11:32:02","slug":"bauer-maqedonia-e-veriut-per-tre-vjet-ka-arritur-nivel-mbreselenes-te-integrimit-ushtarak-ne-nato","status":"publish","type":"post","link":"https:\/\/indeks.bilten.mk\/?p=15666","title":{"rendered":"Bauer: Maqedonia e Veriut p\u00ebr tre vjet ka arritur nivel mbres\u00ebl\u00ebn\u00ebs t\u00eb integrimit ushtarak n\u00eb NATO"},"content":{"rendered":"<p>Q\u00eb nga an\u00ebtar\u00ebsimi n\u00eb NATO, Maqedonia e Veriut ka nd\u00ebrmarr\u00eb hapa t\u00eb r\u00ebnd\u00ebsish\u00ebm p\u00ebr zbatimin e reformave t\u00eb mbrojtjes.<\/p>\n<p>Maqedonia e Veriut p\u00ebr tre vjet ka arritur nj\u00eb nivel mbres\u00ebl\u00ebn\u00ebs t\u00eb integrimit ushtarak n\u00eb NATO, tha n\u00eb konferenc\u00ebn e sotme p\u00ebr shtyp kryetari i Komitetit Ushtarak t\u00eb NATO-s, admirali Rob Bauer, i cili \u00ebsht\u00eb p\u00ebr vizit\u00eb n\u00eb vendin ton\u00eb.<\/p>\n<p>Admirali Bauer n\u00eb konferenc\u00ebn e p\u00ebrbashk\u00ebt p\u00ebr shtyp me ministren e Mbrojtjes Slavjanka Petrovska dhe shefin e Shtatmadhoris\u00eb, gjeneral n\u00ebn-kolonelin Vasko Gjur\u00e7inovski theksoi se p\u00ebrve\u00e7 kontributeve q\u00eb vendi yn\u00eb i jep Aleanc\u00ebs, si mb\u00ebshtetja p\u00ebr grupet luftarake. n\u00eb Bullgari, Letoni dhe Rumani dhe Kosov\u00eb, trupat e Maqedonis\u00eb s\u00eb Veriut po sh\u00ebrbejn\u00eb n\u00ebn flamurin e NATO-s n\u00eb nj\u00eb mision paqeruajt\u00ebs.<\/p>\n<p>\u201cJu gjithashtu kontribuoni edhe n\u00eb forcat e reagimit t\u00eb NATO-s q\u00eb garantojn\u00eb sigurin\u00eb dhe mbrojtjen e t\u00eb gjith\u00eb aleat\u00ebve. Q\u00eb nga an\u00ebtar\u00ebsimi n\u00eb NATO, Maqedonia e Veriut ka nd\u00ebrmarr\u00eb hapa t\u00eb r\u00ebnd\u00ebsish\u00ebm p\u00ebr zbatimin e reformave t\u00eb saj t\u00eb mbrojtjes. P\u00ebr tre vjet, ju keni arritur nj\u00eb nivel mbres\u00ebl\u00ebn\u00ebs t\u00eb integrimit ushtarak n\u00eb NATO duke p\u00ebrshtatur strukturat dhe forcat tuaja me nevojat dhe k\u00ebrkesat e NATO-s dhe duke rritur pap\u00ebrshkueshm\u00ebrin\u00eb tuaj\u201d, tha Bauer.<\/p>\n<p>Petrovska kujtoi n\u00eb konferenc\u00ebn p\u00ebr shtyp se Maqedonia e Veriut, s\u00eb bashku me aleat\u00ebt e saj n\u00eb Vilnius, ripohoi vendosm\u00ebrin\u00eb e saj p\u00ebr t\u00eb investuar s\u00eb paku 2 p\u00ebr qind t\u00eb bruto produktit t\u00eb brendsh\u00ebm n\u00eb mbrojtje dhe kjo, si\u00e7 tha ajo, \u00ebsht\u00eb realizuar plot\u00ebsisht.<\/p>\n<p>\u201cMaqedonia e Veriut \u00ebsht\u00eb nj\u00eb shtyll\u00eb e siguris\u00eb rajonale. Ne do t\u00eb vazhdojm\u00eb t\u00eb kontribuojm\u00eb me forcat tona n\u00eb misionin e NATO-s n\u00eb Kosov\u00eb, sepse jemi t\u00eb bindur se siguria dhe stabiliteti rajonal duhet t\u00eb jen\u00eb para s\u00eb gjithash. Vet\u00ebm n\u00eb k\u00ebt\u00eb m\u00ebnyr\u00eb mund t\u00eb krijojm\u00eb nj\u00eb rajon q\u00eb \u00ebsht\u00eb i begat\u00eb dhe q\u00eb do t\u00eb vazhdoj\u00eb t\u00eb jetoj\u00eb n\u00eb paqe dhe demokraci\u201d, tha Petrovska.<\/p>\n<p>Shefi i Shtatmadhoris\u00eb, n\u00ebnkoloneli Vasko Gjur\u00e7inovski n\u00eb konferenc\u00ebn p\u00ebr shtyp tha se e njoftoi admiralin p\u00ebr proceset aktuale t\u00eb Forcave t\u00eb Armatosura, si dhe p\u00ebr reformat dhe transformimin e Armat\u00ebs son\u00eb, operacionet q\u00eb i organizuam n\u00eb vend, por edhe operacionet ushtarake t\u00eb NATO-s.<\/p>\n","protected":false},"excerpt":{"rendered":"<p>Q\u00eb nga an\u00ebtar\u00ebsimi n\u00eb NATO, Maqedonia e Veriut ka nd\u00ebrmarr\u00eb hapa t\u00eb r\u00ebnd\u00ebsish\u00ebm p\u00ebr zbatimin e reformave t\u00eb mbrojtjes. Maqedonia e Veriut p\u00ebr tre vjet<\/p>\n","protected":false},"author":14,"featured_media":15667,"comment_status":"open","ping_status":"open","sticky":false,"template":"","format":"standard","meta":{"footnotes":""},"categories":[44],"tags":[],"class_list":["post-15666","post","type-post","status-publish","format-standard","has-post-thumbnail","hentry","category-maqedoni"],"_links":{"self":[{"href":"https:\/\/indeks.bilten.mk\/index.php?rest_route=\/wp\/v2\/posts\/15666","targetHints":{"allow":["GET"]}}],"collection":[{"href":"https:\/\/indeks.bilten.mk\/index.php?rest_route=\/wp\/v2\/posts"}],"about":[{"href":"https:\/\/indeks.bilten.mk\/index.php?rest_route=\/wp\/v2\/types\/post"}],"author":[{"embeddable":true,"href":"https:\/\/indeks.bilten.mk\/index.php?rest_route=\/wp\/v2\/users\/14"}],"replies":[{"embeddable":true,"href":"https:\/\/indeks.bilten.mk\/index.php?rest_route=%2Fwp%2Fv2%2Fcomments&post=15666"}],"version-history":[{"count":0,"href":"https:\/\/indeks.bilten.mk\/index.php?rest_route=\/wp\/v2\/posts\/15666\/revisions"}],"wp:featuredmedia":[{"embeddable":true,"href":"https:\/\/indeks.bilten.mk\/index.php?rest_route=\/wp\/v2\/media\/15667"}],"wp:attachment":[{"href":"https:\/\/indeks.bilten.mk\/index.php?rest_route=%2Fwp%2Fv2%2Fmedia&parent=15666"}],"wp:term":[{"taxonomy":"category","embeddable":true,"href":"https:\/\/indeks.bilten.mk\/index.php?rest_route=%2Fwp%2Fv2%2Fcategories&post=15666"},{"taxonomy":"post_tag","embeddable":true,"href":"https:\/\/indeks.bilten.mk\/index.php?rest_route=%2Fwp%2Fv2%2Ftags&post=15666"}],"curies":[{"name":"wp","href":"https:\/\/api.w.org\/{rel}","templated":true}]}}