{"id":15669,"date":"2023-09-04T14:01:06","date_gmt":"2023-09-04T12:01:06","guid":{"rendered":"https:\/\/indeks.mk\/?p=15669"},"modified":"2023-09-04T14:01:06","modified_gmt":"2023-09-04T12:01:06","slug":"u-rrezua-duke-vrapuar-kancelari-gjerman-olaf-scholz-nxjerr-fotografine-dhe-tallet-pak-me-dukjen-e-tij-te-re","status":"publish","type":"post","link":"https:\/\/indeks.bilten.mk\/?p=15669","title":{"rendered":"U rr\u00ebzua duke vrapuar, Kancelari gjerman Olaf Scholz nxjerr fotografin\u00eb dhe tallet pak me dukjen e tij t\u00eb re"},"content":{"rendered":"<p>Kancelari i Gjermanis\u00eb, Olaf Scholz e ka postuar nj\u00eb foto t\u00eb tij n\u00eb stilin pirat me nj\u00eb njoll\u00eb t\u00eb zez\u00eb n\u00eb sy dhe mavijosje n\u00eb t\u00eb kuqe t\u00eb err\u00ebt n\u00eb an\u00ebn e djatht\u00eb t\u00eb fytyr\u00ebs \u2013 rezultat i nj\u00eb rr\u00ebzimi n\u00eb fundjav\u00eb.<\/p>\n<p>Ai e ka marr\u00eb me sportivitet l\u00ebndimin, duke shkruar n\u00eb rrjetet sociale se mezi pret t\u2019i shoh memet (talljet q\u00eb b\u00ebhen t\u00eb famshme n\u00eb internet, zakonisht duke e p\u00ebrcjell\u00eb nj\u00eb fotografi me nj\u00eb p\u00ebrshkrim jasht\u00eb kontekstit).<\/p>\n<p>\u201cMezi pres t\u2019i shoh memet\u201d, shkroi Szholz.<\/p>\n<p>Si p\u00ebr ta shmangur \u00e7do shqet\u00ebsim t\u00eb mundsh\u00ebm p\u00ebr sh\u00ebndetin e tij, n\u00eb foto Scholz buz\u00ebqeshi leht\u00eb dhe shkroi n\u00eb X: \u201cFaleminderit p\u00ebr urimet, duket m\u00eb keq se sa \u00ebsht\u00eb!\u201d.<\/p>\n<p>Scholz u rr\u00ebzua nd\u00ebrsa po vraponte t\u00eb shtun\u00ebn dhe p\u00ebsoi mavijosje n\u00eb fytyr\u00eb, q\u00eb e shtyn\u00eb at\u00eb t\u2019i anulonte disa takime n\u00eb fundjav\u00eb.<\/p>\n<figure class=\"wp-block-embed-twitter wp-block-embed is-type-rich is-provider-twitter\">\n<div class=\"wp-block-embed__wrapper\">\n<div class=\"twitter-tweet twitter-tweet-rendered\"><iframe id=\"twitter-widget-0\" class=\"\" title=\"Twitter Tweet\" src=\"https:\/\/platform.twitter.com\/embed\/Tweet.html?creatorScreenName=gazetaexpress&amp;dnt=true&amp;embedId=twitter-widget-0&amp;features=eyJ0ZndfdGltZWxpbmVfbGlzdCI6eyJidWNrZXQiOltdLCJ2ZXJzaW9uIjpudWxsfSwidGZ3X2ZvbGxvd2VyX2NvdW50X3N1bnNldCI6eyJidWNrZXQiOnRydWUsInZlcnNpb24iOm51bGx9LCJ0ZndfdHdlZXRfZWRpdF9iYWNrZW5kIjp7ImJ1Y2tldCI6Im9uIiwidmVyc2lvbiI6bnVsbH0sInRmd19yZWZzcmNfc2Vzc2lvbiI6eyJidWNrZXQiOiJvbiIsInZlcnNpb24iOm51bGx9LCJ0ZndfZm9zbnJfc29mdF9pbnRlcnZlbnRpb25zX2VuYWJsZWQiOnsiYnVja2V0Ijoib24iLCJ2ZXJzaW9uIjpudWxsfSwidGZ3X21peGVkX21lZGlhXzE1ODk3Ijp7ImJ1Y2tldCI6InRyZWF0bWVudCIsInZlcnNpb24iOm51bGx9LCJ0ZndfZXhwZXJpbWVudHNfY29va2llX2V4cGlyYXRpb24iOnsiYnVja2V0IjoxMjA5NjAwLCJ2ZXJzaW9uIjpudWxsfSwidGZ3X3Nob3dfYmlyZHdhdGNoX3Bpdm90c19lbmFibGVkIjp7ImJ1Y2tldCI6Im9uIiwidmVyc2lvbiI6bnVsbH0sInRmd19kdXBsaWNhdGVfc2NyaWJlc190b19zZXR0aW5ncyI6eyJidWNrZXQiOiJvbiIsInZlcnNpb24iOm51bGx9LCJ0ZndfdXNlX3Byb2ZpbGVfaW1hZ2Vfc2hhcGVfZW5hYmxlZCI6eyJidWNrZXQiOiJvbiIsInZlcnNpb24iOm51bGx9LCJ0ZndfdmlkZW9faGxzX2R5bmFtaWNfbWFuaWZlc3RzXzE1MDgyIjp7ImJ1Y2tldCI6InRydWVfYml0cmF0ZSIsInZlcnNpb24iOm51bGx9LCJ0ZndfbGVnYWN5X3RpbWVsaW5lX3N1bnNldCI6eyJidWNrZXQiOnRydWUsInZlcnNpb24iOm51bGx9LCJ0ZndfdHdlZXRfZWRpdF9mcm9udGVuZCI6eyJidWNrZXQiOiJvbiIsInZlcnNpb24iOm51bGx9fQ%3D%3D&amp;frame=false&amp;hideCard=false&amp;hideThread=false&amp;id=1698627434508063228&amp;lang=en&amp;origin=https%3A%2F%2Fwww.gazetaexpress.com%2Fu-rrezua-duke-vrapuar-kancelari-gjerman-nxjerr-fotografine-dhe-tallet-pak-me-dukjen-e-re-po-i-pres-memet%2F&amp;sessionId=3badbfa21fa4a49ff6ed7a64d507ee2ec41ca156&amp;siteScreenName=gazetaexpress&amp;theme=light&amp;widgetsVersion=aaf4084522e3a%3A1674595607486&amp;width=500px\" frameborder=\"0\" scrolling=\"no\" allowfullscreen=\"allowfullscreen\" data-tweet-id=\"1698627434508063228\"><\/iframe><\/div>\n<blockquote class=\"twitter-tweet\" data-width=\"500\" data-dnt=\"true\" data-twitter-extracted-i1693828764428514026=\"true\">\n<p dir=\"ltr\" lang=\"de\">Wer den Schaden hat\u2026<br \/>\nBin gespannt auf die Memes. Danke f\u00fcr die guten W\u00fcnsche, sieht schlimmer aus, als es ist!\u00a0<a href=\"https:\/\/t.co\/bB5INX8HnM\">pic.twitter.com\/bB5INX8HnM<\/a><\/p>\n<p>\u2014 Bundeskanzler Olaf Scholz (@Bundeskanzler)\u00a0<a href=\"https:\/\/twitter.com\/Bundeskanzler\/status\/1698627434508063228?ref_src=twsrc%5Etfw\">September 4, 2023<\/a><\/p><\/blockquote>\n<\/div>\n<\/figure>\n","protected":false},"excerpt":{"rendered":"<p>Kancelari i Gjermanis\u00eb, Olaf Scholz e ka postuar nj\u00eb foto t\u00eb tij n\u00eb stilin pirat me nj\u00eb njoll\u00eb t\u00eb zez\u00eb n\u00eb sy dhe mavijosje n\u00eb<\/p>\n","protected":false},"author":14,"featured_media":15670,"comment_status":"open","ping_status":"open","sticky":false,"template":"","format":"standard","meta":{"footnotes":""},"categories":[46],"tags":[],"class_list":["post-15669","post","type-post","status-publish","format-standard","has-post-thumbnail","hentry","category-bota"],"_links":{"self":[{"href":"https:\/\/indeks.bilten.mk\/index.php?rest_route=\/wp\/v2\/posts\/15669","targetHints":{"allow":["GET"]}}],"collection":[{"href":"https:\/\/indeks.bilten.mk\/index.php?rest_route=\/wp\/v2\/posts"}],"about":[{"href":"https:\/\/indeks.bilten.mk\/index.php?rest_route=\/wp\/v2\/types\/post"}],"author":[{"embeddable":true,"href":"https:\/\/indeks.bilten.mk\/index.php?rest_route=\/wp\/v2\/users\/14"}],"replies":[{"embeddable":true,"href":"https:\/\/indeks.bilten.mk\/index.php?rest_route=%2Fwp%2Fv2%2Fcomments&post=15669"}],"version-history":[{"count":0,"href":"https:\/\/indeks.bilten.mk\/index.php?rest_route=\/wp\/v2\/posts\/15669\/revisions"}],"wp:featuredmedia":[{"embeddable":true,"href":"https:\/\/indeks.bilten.mk\/index.php?rest_route=\/wp\/v2\/media\/15670"}],"wp:attachment":[{"href":"https:\/\/indeks.bilten.mk\/index.php?rest_route=%2Fwp%2Fv2%2Fmedia&parent=15669"}],"wp:term":[{"taxonomy":"category","embeddable":true,"href":"https:\/\/indeks.bilten.mk\/index.php?rest_route=%2Fwp%2Fv2%2Fcategories&post=15669"},{"taxonomy":"post_tag","embeddable":true,"href":"https:\/\/indeks.bilten.mk\/index.php?rest_route=%2Fwp%2Fv2%2Ftags&post=15669"}],"curies":[{"name":"wp","href":"https:\/\/api.w.org\/{rel}","templated":true}]}}