{"id":15675,"date":"2023-09-04T14:11:19","date_gmt":"2023-09-04T12:11:19","guid":{"rendered":"https:\/\/indeks.mk\/?p=15675"},"modified":"2023-09-04T14:11:19","modified_gmt":"2023-09-04T12:11:19","slug":"moderatorja-kosovare-shfaqet-ne-emision-me-te-brendshme-dhe-fustan-transparent","status":"publish","type":"post","link":"https:\/\/indeks.bilten.mk\/?p=15675","title":{"rendered":"Moderatorja kosovare shfaqet n\u00eb emision me t\u00eb brendshme dhe fustan transparent"},"content":{"rendered":"<p><strong>Nuk jan\u00eb t\u00eb rralla rastet kur qytetar\u00ebt e Kosov\u00ebs kritikojn\u00eb ashp\u00ebr veshjet e moderatoreve televizive, t\u00eb cilat shpeshher\u00eb i cil\u00ebsojn\u00eb si joprofesionale dhe t\u00eb pap\u00ebshtatshme, raporton Gazeta Sinjali.<\/strong><\/p>\n<p>N\u00eb pak minuta pas p\u00ebrfundimit t\u00eb emisionit \u201cN\u2019mal A n\u2019det\u201d n\u00eb \u201cATV\u201d nj\u00ebra prej moderatoreve ka filluar menj\u00ebher\u00eb t\u00eb kritikohet p\u00ebr paraqitjen e saj n\u00eb k\u00ebt\u00eb episod.<\/p>\n<div class=\"ai-viewport-1 ai-viewport-3\" data-insertion-position=\"prepend\" data-selector=\".ai-insert-2-84841050\" data-insertion-no-dbg=\"\" data-code=\"PGRpdiBjbGFzcz0nY29kZS1ibG9jayBjb2RlLWJsb2NrLTInIHN0eWxlPSdtYXJnaW46IDhweCBhdXRvOyB0ZXh0LWFsaWduOiBjZW50ZXI7IGRpc3BsYXk6IGJsb2NrOyBjbGVhcjogYm90aDsnPgo8cD48YnIgLz48YSBocmVmPSJodHRwczovL3d3dy5mYWNlYm9vay5jb20vZ2Vub3RpbWVwcmVtaXVtcHJpc3RpbmEvP21pYmV4dGlkPUxRUUo0ZCIgdGFyZ2V0PSJfYmxhbmsiIHJlbD0ibm9vcGVuZXIiPjxpbWcgY2xhc3M9ImFsaWduY2VudGVyIHdwLWltYWdlLTI1NjkyNSBzaXplLW1lZGl1bSIgc3JjPSJodHRwczovL3d3dy5wcmlzaHRpbmFwcmVzcy5uZXQvd3AtY29udGVudC91cGxvYWRzLzIwMjMvMDQvMy0xLTMwMHgxNTAucG5nIiBhbHQ9IiIgd2lkdGg9IjMwMCIgaGVpZ2h0PSIxNTAiIC8+PC9hPjwvcD48L2Rpdj4K\" data-block=\"2\">\n<div class=\"code-block code-block-2\">\n<p>Ajo u pa t\u00eb ket\u00eb dalur me nj\u00eb fustan goxha transparent, t\u00eb cilin e ndihmonin t\u00eb brendshmet p\u00ebr t\u00eb mbuluar pjes\u00ebt intime.<\/p>\n<\/div>\n<\/div>\n<div class=\"adds__image mt-3 mb-3\"><ins id=\"revive-0-2\" data-revive-zoneid=\"20\" data-revive-id=\"c2fed3e4361f158a5f99e0aa345b1985\" data-revive-seq=\"2\" data-revive-loaded=\"1\"><\/p>\n<div id=\"beacon_50b099f6c6\"><img loading=\"lazy\" decoding=\"async\" class=\"td-animation-stack-type0-2\" src=\"https:\/\/adserver.sinjali.com\/www\/delivery\/lg.php?bannerid=187&amp;campaignid=40&amp;zoneid=20&amp;loc=https%3A%2F%2Fsinjali.com%2Fskandalizon-moderatorja-kosovare-paraqitet-ne-studio-televizive-me-fustan-transparent-video%2F&amp;referer=https%3A%2F%2Fsinjali.com%2Fcategory%2Fshowbiz%2F&amp;cb=50b099f6c6\" alt=\"\" width=\"0\" height=\"0\" \/><\/div>\n<p><\/ins><\/div>\n<figure class=\"wp-block-image size-large\"><img loading=\"lazy\" decoding=\"async\" class=\"wp-image-943240 entered lazyloaded td-animation-stack-type0-2\" src=\"https:\/\/sinjali.com\/wp-content\/uploads\/2023\/09\/image-7-1024x629.png\" alt=\"\" width=\"378\" height=\"232\" data-lazy-srcset=\"https:\/\/sinjali.com\/wp-content\/uploads\/2023\/09\/image-7-1024x629.png 1024w, https:\/\/sinjali.com\/wp-content\/uploads\/2023\/09\/image-7-300x184.png 300w, https:\/\/sinjali.com\/wp-content\/uploads\/2023\/09\/image-7-768x472.png 768w, https:\/\/sinjali.com\/wp-content\/uploads\/2023\/09\/image-7-1536x944.png 1536w, https:\/\/sinjali.com\/wp-content\/uploads\/2023\/09\/image-7.png 1614w\" data-lazy-sizes=\"(max-width: 1024px) 100vw, 1024px\" data-lazy-src=\"https:\/\/sinjali.com\/wp-content\/uploads\/2023\/09\/image-7-1024x629.png\" data-ll-status=\"loaded\" \/><\/figure>\n<p>&nbsp;<\/p>\n<div class=\"wp-video\">\n<div id=\"mep_0\" class=\"mejs-container wp-video-shortcode mejs-video\" tabindex=\"0\" role=\"application\" aria-label=\"Video Player\">\n<div class=\"mejs-inner\">\n<div class=\"mejs-mediaelement\">\n<div class=\"td-video-replacer\" data-id=\"undefined\"><\/div>\n<p><video id=\"video-324352-2_html5\" class=\"wp-video-shortcode\" src=\"https:\/\/usercontent.one\/wp\/www.prishtinapress.net\/wp-content\/uploads\/2023\/09\/373049128_6288042664655938_8190807143895793715_n.mp4?media=1693772221?_=2\" preload=\"metadata\" width=\"368\" height=\"480\" data-mce-fragment=\"1\"><\/video><\/div>\n<div class=\"mejs-layers\">\n<div class=\"mejs-overlay mejs-layer mejs-overlay-play\"><\/div>\n<\/div>\n<\/div>\n<\/div>\n<\/div>\n<div class=\"wp-video\">\n<div id=\"mep_0\" class=\"mejs-container mejs-container-keyboard-inactive wp-video-shortcode mejs-video\" tabindex=\"0\" role=\"application\" aria-label=\"Video Player\">\n<div class=\"mejs-inner\">\n<div class=\"mejs-mediaelement\">\n<div class=\"td-video-replacer\" data-id=\"undefined\"><\/div>\n<\/div>\n<div class=\"mejs-layers\">\n<div class=\"mejs-overlay mejs-layer mejs-overlay-play\"><\/div>\n<\/div>\n<\/div>\n<\/div>\n<\/div>\n","protected":false},"excerpt":{"rendered":"<p>Nuk jan\u00eb t\u00eb rralla rastet kur qytetar\u00ebt e Kosov\u00ebs kritikojn\u00eb ashp\u00ebr veshjet e moderatoreve televizive, t\u00eb cilat shpeshher\u00eb i cil\u00ebsojn\u00eb si joprofesionale dhe t\u00eb pap\u00ebshtatshme,<\/p>\n","protected":false},"author":14,"featured_media":15676,"comment_status":"open","ping_status":"open","sticky":false,"template":"","format":"standard","meta":{"footnotes":""},"categories":[49],"tags":[],"class_list":["post-15675","post","type-post","status-publish","format-standard","has-post-thumbnail","hentry","category-showbiz"],"_links":{"self":[{"href":"https:\/\/indeks.bilten.mk\/index.php?rest_route=\/wp\/v2\/posts\/15675","targetHints":{"allow":["GET"]}}],"collection":[{"href":"https:\/\/indeks.bilten.mk\/index.php?rest_route=\/wp\/v2\/posts"}],"about":[{"href":"https:\/\/indeks.bilten.mk\/index.php?rest_route=\/wp\/v2\/types\/post"}],"author":[{"embeddable":true,"href":"https:\/\/indeks.bilten.mk\/index.php?rest_route=\/wp\/v2\/users\/14"}],"replies":[{"embeddable":true,"href":"https:\/\/indeks.bilten.mk\/index.php?rest_route=%2Fwp%2Fv2%2Fcomments&post=15675"}],"version-history":[{"count":0,"href":"https:\/\/indeks.bilten.mk\/index.php?rest_route=\/wp\/v2\/posts\/15675\/revisions"}],"wp:featuredmedia":[{"embeddable":true,"href":"https:\/\/indeks.bilten.mk\/index.php?rest_route=\/wp\/v2\/media\/15676"}],"wp:attachment":[{"href":"https:\/\/indeks.bilten.mk\/index.php?rest_route=%2Fwp%2Fv2%2Fmedia&parent=15675"}],"wp:term":[{"taxonomy":"category","embeddable":true,"href":"https:\/\/indeks.bilten.mk\/index.php?rest_route=%2Fwp%2Fv2%2Fcategories&post=15675"},{"taxonomy":"post_tag","embeddable":true,"href":"https:\/\/indeks.bilten.mk\/index.php?rest_route=%2Fwp%2Fv2%2Ftags&post=15675"}],"curies":[{"name":"wp","href":"https:\/\/api.w.org\/{rel}","templated":true}]}}