{"id":15678,"date":"2023-09-04T14:16:15","date_gmt":"2023-09-04T12:16:15","guid":{"rendered":"https:\/\/indeks.mk\/?p=15678"},"modified":"2023-09-04T14:16:15","modified_gmt":"2023-09-04T12:16:15","slug":"dashuria-per-fanellen-eshte-me-e-madhe-se-per-parate-ramos-refuzon-miliona-euro-per-nje-page-modeste","status":"publish","type":"post","link":"https:\/\/indeks.bilten.mk\/?p=15678","title":{"rendered":"Dashuria p\u00ebr fanell\u00ebn \u00ebsht\u00eb m\u00eb e madhe se p\u00ebr parat\u00eb: Ramos refuzon miliona euro p\u00ebr nj\u00eb pag\u00eb modeste"},"content":{"rendered":"<p><strong>Sergio Ramos ka marr\u00eb vendim p\u00ebr t\u00eb ardhmen e tij dhe ai do t\u00eb rikthehet n\u00eb La Liga.<\/strong><\/p>\n<p>Qend\u00ebrmbrojt\u00ebsi spanjoll u largua nga Paris Saint Germain pas p\u00ebrfundimit t\u00eb kontrat\u00ebs dhe karrier\u00ebn do ta vazhdoj n\u00eb elit\u00ebn e futbollit spanjoll.<\/p>\n<p>N\u00eb fakt p\u00ebr Ramos ka pasur shum\u00eb oferta k\u00ebt\u00eb ver\u00eb madje edhe nga ato ku spanjolli do t\u00eb fitonte miliona euro n\u00eb sezon.<\/p>\n<p>37-vje\u00e7ari ka dh\u00ebn\u00eb nj\u00eb shembull t\u00eb mir\u00eb se dashuria p\u00ebr fanell\u00ebn \u00ebsht\u00eb m\u00eb e vlefshme se paga multi milion\u00ebshe.<\/p>\n<p>Ish-reprezentuesi spanjoll ka refuzuar 11 milion\u00eb euro nga Galatasaray dhe 20 milion\u00eb euro t\u00eb tjera nga Al-Ittihad.<\/p>\n<div class=\"twitter-tweet twitter-tweet-rendered\"><iframe id=\"twitter-widget-0\" class=\"\" title=\"Twitter Tweet\" src=\"https:\/\/platform.twitter.com\/embed\/Tweet.html?creatorScreenName=romaki16&amp;dnt=true&amp;embedId=twitter-widget-0&amp;features=eyJ0ZndfdGltZWxpbmVfbGlzdCI6eyJidWNrZXQiOltdLCJ2ZXJzaW9uIjpudWxsfSwidGZ3X2ZvbGxvd2VyX2NvdW50X3N1bnNldCI6eyJidWNrZXQiOnRydWUsInZlcnNpb24iOm51bGx9LCJ0ZndfdHdlZXRfZWRpdF9iYWNrZW5kIjp7ImJ1Y2tldCI6Im9uIiwidmVyc2lvbiI6bnVsbH0sInRmd19yZWZzcmNfc2Vzc2lvbiI6eyJidWNrZXQiOiJvbiIsInZlcnNpb24iOm51bGx9LCJ0ZndfZm9zbnJfc29mdF9pbnRlcnZlbnRpb25zX2VuYWJsZWQiOnsiYnVja2V0Ijoib24iLCJ2ZXJzaW9uIjpudWxsfSwidGZ3X21peGVkX21lZGlhXzE1ODk3Ijp7ImJ1Y2tldCI6InRyZWF0bWVudCIsInZlcnNpb24iOm51bGx9LCJ0ZndfZXhwZXJpbWVudHNfY29va2llX2V4cGlyYXRpb24iOnsiYnVja2V0IjoxMjA5NjAwLCJ2ZXJzaW9uIjpudWxsfSwidGZ3X3Nob3dfYmlyZHdhdGNoX3Bpdm90c19lbmFibGVkIjp7ImJ1Y2tldCI6Im9uIiwidmVyc2lvbiI6bnVsbH0sInRmd19kdXBsaWNhdGVfc2NyaWJlc190b19zZXR0aW5ncyI6eyJidWNrZXQiOiJvbiIsInZlcnNpb24iOm51bGx9LCJ0ZndfdXNlX3Byb2ZpbGVfaW1hZ2Vfc2hhcGVfZW5hYmxlZCI6eyJidWNrZXQiOiJvbiIsInZlcnNpb24iOm51bGx9LCJ0ZndfdmlkZW9faGxzX2R5bmFtaWNfbWFuaWZlc3RzXzE1MDgyIjp7ImJ1Y2tldCI6InRydWVfYml0cmF0ZSIsInZlcnNpb24iOm51bGx9LCJ0ZndfbGVnYWN5X3RpbWVsaW5lX3N1bnNldCI6eyJidWNrZXQiOnRydWUsInZlcnNpb24iOm51bGx9LCJ0ZndfdHdlZXRfZWRpdF9mcm9udGVuZCI6eyJidWNrZXQiOiJvbiIsInZlcnNpb24iOm51bGx9fQ%3D%3D&amp;frame=false&amp;hideCard=false&amp;hideThread=false&amp;id=1698648922804154675&amp;lang=en&amp;origin=https%3A%2F%2Ftelegrafi.com%2Fshembull-se-dashuria-per-fanellen-eshte-e-madhe-se-per-parate-ramos-refuzon-miliona-euro-per-nje-page-modeste%2F&amp;sessionId=f6ef0fe2e7ff2e7c57cb668b8674e7a5bc19ac62&amp;siteScreenName=Telegrafisti&amp;theme=light&amp;widgetsVersion=aaf4084522e3a%3A1674595607486&amp;width=500px\" frameborder=\"0\" scrolling=\"no\" allowfullscreen=\"allowfullscreen\" data-mce-fragment=\"1\"><\/iframe><\/div>\n<blockquote class=\"twitter-tweet\" data-width=\"500\" data-dnt=\"true\" data-twitter-extracted-i1693829683955957206=\"true\">\n<p dir=\"ltr\" lang=\"en\">\ud83d\udea8 Sergio Ramos REJECTED an offer of \u20ac11M\/year from Galatasaray and \u20ac20M\/year from Al-Ittihad! \ud83c\uddf8\ud83c\udde6\ud83e\udd11\u274c \ud83c\uddf9\ud83c\uddf7<\/p>\n<p>The Spanish defender will earn just over \u20ac1M\/year at Sevilla. \ud83d\udcb0<\/p>\n<div class=\"ai-viewport-1\" data-insertion-position=\"prepend\" data-selector=\".ai-insert-1-42251537\" data-insertion-no-dbg=\"\" data-code=\"PGRpdiBjbGFzcz0nY29kZS1ibG9jayBjb2RlLWJsb2NrLTEgY29kZS1ibG9jay1pbmFydGljbGUtZGVza3RvcCcgc3R5bGU9J21hcmdpbjogOHB4IGF1dG87IHRleHQtYWxpZ246IGNlbnRlcjsgZGlzcGxheTogYmxvY2s7IGNsZWFyOiBib3RoOyB3aWR0aDogMzAwcHg7IGhlaWdodDogNDIwcHg7IGJhY2tncm91bmQtY29sb3I6ICNmZmZmZmY7Jz4KPGRpdiBzdHlsZT0icG9zaXRpb246IHN0aWNreTsgdG9wOiAxNXB4OyI+CjxkaXYgY2xhc3M9ImNvZGUtYmxvY2stbGFiZWwiPlJla2xhbWE8L2Rpdj4KPGRpdiBkYXRhLWFkLXVuaXQtaWQ9Ii8yMjY0NjY1NzExOC9Jbi1hcnRpY2xlX2JveF8yIj48L2Rpdj4KPC9kaXY+CjxkaXYgc3R5bGU9IiBoZWlnaHQ6IDM5MHB4OyI+PC9kaXY+CjwvZGl2Pgo=\" data-block=\"1\">\n<div class=\"code-block code-block-1 code-block-inarticle-desktop\">\n<div><\/div>\n<\/div>\n<\/div>\n<p>(Source:\u00a0<a href=\"https:\/\/twitter.com\/mundodeportivo?ref_src=twsrc%5Etfw\">@mundodeportivo<\/a>\u00a0)\u00a0<a href=\"https:\/\/t.co\/Ebjl4FGUq2\">pic.twitter.com\/Ebjl4FGUq2<\/a><\/p>\n<p>\u2014 Transfer News Live (@DeadlineDayLive)\u00a0<a href=\"https:\/\/twitter.com\/DeadlineDayLive\/status\/1698648922804154675?ref_src=twsrc%5Etfw\">September 4, 2023<\/a><\/p><\/blockquote>\n<p>&nbsp;<\/p>\n<p>Ramos ka vendosur q\u00eb t\u00eb rikthehet te Sevilla, skuad\u00ebr ku u formua dhe do t\u00eb fitoj\u00eb nj\u00eb pag\u00eb modeste prej 1 milion\u00eb eurove n\u00eb sezon.<\/p>\n<p>Zyrtarizimi i lojtarit \u00ebsht\u00eb \u00e7\u00ebshtje or\u00ebsh te klubi andaluzian.\u00a0<em><strong>\/Telegrafi\/\u00a0<\/strong><\/em><\/p>\n","protected":false},"excerpt":{"rendered":"<p>Sergio Ramos ka marr\u00eb vendim p\u00ebr t\u00eb ardhmen e tij dhe ai do t\u00eb rikthehet n\u00eb La Liga. Qend\u00ebrmbrojt\u00ebsi spanjoll u largua nga Paris Saint<\/p>\n","protected":false},"author":14,"featured_media":15679,"comment_status":"open","ping_status":"open","sticky":false,"template":"","format":"standard","meta":{"footnotes":""},"categories":[48],"tags":[],"class_list":["post-15678","post","type-post","status-publish","format-standard","has-post-thumbnail","hentry","category-sport"],"_links":{"self":[{"href":"https:\/\/indeks.bilten.mk\/index.php?rest_route=\/wp\/v2\/posts\/15678","targetHints":{"allow":["GET"]}}],"collection":[{"href":"https:\/\/indeks.bilten.mk\/index.php?rest_route=\/wp\/v2\/posts"}],"about":[{"href":"https:\/\/indeks.bilten.mk\/index.php?rest_route=\/wp\/v2\/types\/post"}],"author":[{"embeddable":true,"href":"https:\/\/indeks.bilten.mk\/index.php?rest_route=\/wp\/v2\/users\/14"}],"replies":[{"embeddable":true,"href":"https:\/\/indeks.bilten.mk\/index.php?rest_route=%2Fwp%2Fv2%2Fcomments&post=15678"}],"version-history":[{"count":0,"href":"https:\/\/indeks.bilten.mk\/index.php?rest_route=\/wp\/v2\/posts\/15678\/revisions"}],"wp:featuredmedia":[{"embeddable":true,"href":"https:\/\/indeks.bilten.mk\/index.php?rest_route=\/wp\/v2\/media\/15679"}],"wp:attachment":[{"href":"https:\/\/indeks.bilten.mk\/index.php?rest_route=%2Fwp%2Fv2%2Fmedia&parent=15678"}],"wp:term":[{"taxonomy":"category","embeddable":true,"href":"https:\/\/indeks.bilten.mk\/index.php?rest_route=%2Fwp%2Fv2%2Fcategories&post=15678"},{"taxonomy":"post_tag","embeddable":true,"href":"https:\/\/indeks.bilten.mk\/index.php?rest_route=%2Fwp%2Fv2%2Ftags&post=15678"}],"curies":[{"name":"wp","href":"https:\/\/api.w.org\/{rel}","templated":true}]}}