{"id":15684,"date":"2023-09-04T14:24:26","date_gmt":"2023-09-04T12:24:26","guid":{"rendered":"https:\/\/indeks.mk\/?p=15684"},"modified":"2023-09-04T14:24:26","modified_gmt":"2023-09-04T12:24:26","slug":"bebe-rexha-puthet-ne-buze-me-kengetaren-luisa-sonza-ne-skene-foto","status":"publish","type":"post","link":"https:\/\/indeks.bilten.mk\/?p=15684","title":{"rendered":"Bebe Rexha puthet n\u00eb buz\u00eb me k\u00ebng\u00ebtaren Luisa Sonza n\u00eb sken\u00eb (FOTO)"},"content":{"rendered":"<p><strong>Artistja shqiptare me renome nd\u00ebrkomb\u00ebtare, Bebe Rexha, ka performuar s\u00eb fundmi n\u00eb festivalin e famsh\u00ebm brazilian, \u201cThe Town\u201d.<\/strong><\/p>\n<div class=\"code-block code-block-43 code-block-pas-paragrafit-2t-inarticle\">\n<div>\n<div class=\"code-block-label\">Ajo k\u00ebrkoi tre burra dhe m\u00eb pas tre gra q\u00eb t\u00eb k\u00ebrcenin bashk\u00eb me t\u00eb n\u00eb sken\u00eb. T\u00eb gjasht\u00eb mor\u00ebn pjes\u00eb n\u00eb nj\u00eb \u201ckonkurs\u201d k\u00ebrcimi p\u00ebr k\u00ebng\u00ebn \u201cHey Mama\u201d me David Guettam.<\/div>\n<\/div>\n<\/div>\n<p>Nj\u00eb tjet\u00ebr partneritet me DJ-in e famsh\u00ebm, \u201cI\u2019m Good (Blue)\u201d e cila u krijua si frym\u00ebzim nga megahiti \u201cBlue (Da Ba Dee)\u201d, nj\u00eb super k\u00ebng\u00eb e vitit 1998 nga grupi italian Eiffel 65. K\u00ebnga u l\u00ebshua dy her\u00eb n\u00eb fund t\u00eb spektaklit, me k\u00ebng\u00ebtaren e mb\u00ebshtjell\u00eb me flamurin brazilian, duke ecur pran\u00eb publikut.<\/p>\n<figure id=\"attachment_3786637\" class=\"wp-caption alignnone\" aria-describedby=\"caption-attachment-3786637\"><img loading=\"lazy\" decoding=\"async\" class=\"size-full wp-image-3786637\" src=\"https:\/\/telegrafi.com\/wp-content\/uploads\/2023\/09\/beb2.jpg\" alt=\"\" width=\"956\" height=\"533\" \/><figcaption id=\"caption-attachment-3786637\" class=\"wp-caption-text\"><strong>Bebe Rexha n\u00eb \u201cThe Twon\u201d<\/strong>\u00a0(Foto: Foto: Reprodu\u00e7\u00e3o)<\/figcaption><\/figure>\n<p>N\u00eb nj\u00eb moment, Rexh\u00ebs iu bashkua k\u00ebng\u00ebtarja Luisa Sonza, e cila doli n\u00eb sken\u00ebn e festivalit p\u00ebr her\u00eb t\u00eb dyt\u00eb k\u00ebt\u00eb t\u00eb diel.<\/p>\n<div class=\"ai-viewport-1\" data-insertion-position=\"prepend\" data-selector=\".ai-insert-1-42306129\" data-insertion-no-dbg=\"\" data-code=\"PGRpdiBjbGFzcz0nY29kZS1ibG9jayBjb2RlLWJsb2NrLTEgY29kZS1ibG9jay1pbmFydGljbGUtZGVza3RvcCcgc3R5bGU9J21hcmdpbjogOHB4IGF1dG87IHRleHQtYWxpZ246IGNlbnRlcjsgZGlzcGxheTogYmxvY2s7IGNsZWFyOiBib3RoOyB3aWR0aDogMzAwcHg7IGhlaWdodDogNDIwcHg7IGJhY2tncm91bmQtY29sb3I6ICNmZmZmZmY7Jz4KPGRpdiBzdHlsZT0icG9zaXRpb246IHN0aWNreTsgdG9wOiAxNXB4OyI+CjxkaXYgY2xhc3M9ImNvZGUtYmxvY2stbGFiZWwiPlJla2xhbWE8L2Rpdj4KPGRpdiBkYXRhLWFkLXVuaXQtaWQ9Ii8yMjY0NjY1NzExOC9Jbi1hcnRpY2xlX2JveF8yIj48L2Rpdj4KPC9kaXY+CjxkaXYgc3R5bGU9IiBoZWlnaHQ6IDM5MHB4OyI+PC9kaXY+CjwvZGl2Pgo=\" data-block=\"1\">\n<div class=\"code-block code-block-1 code-block-inarticle-desktop\">\n<div>P\u00ebrve\u00e7se k\u00ebndoi me artisten shqiptare hitin \u201cI Got You\u201d, braziliania bukuroshe n\u00eb fund t\u00eb performanc\u00ebs e puthi n\u00eb buz\u00eb Beben.<\/div>\n<\/div>\n<\/div>\n<figure id=\"attachment_3786636\" class=\"wp-caption alignnone\" aria-describedby=\"caption-attachment-3786636\"><img loading=\"lazy\" decoding=\"async\" class=\"size-full wp-image-3786636\" src=\"https:\/\/telegrafi.com\/wp-content\/uploads\/2023\/09\/beb1.jpg\" alt=\"\" width=\"980\" height=\"653\" \/><figcaption id=\"caption-attachment-3786636\" class=\"wp-caption-text\"><strong>Bebe Rexha n\u00eb \u201cThe Twon\u201d<\/strong>\u00a0(Foto: Manu Scarpa\/Brazil News)<\/figcaption><\/figure>\n<p>Ovacionet n\u00eb at\u00eb moment nuk munguan, me shum\u00eb pjes\u00ebmarr\u00ebs nga publiku q\u00eb brohorit\u00ebn p\u00ebr dy vajzat.<\/p>\n<figure id=\"attachment_3786638\" class=\"wp-caption alignnone\" aria-describedby=\"caption-attachment-3786638\"><img loading=\"lazy\" decoding=\"async\" class=\"size-full wp-image-3786638\" src=\"https:\/\/telegrafi.com\/wp-content\/uploads\/2023\/09\/beb4.jpg\" alt=\"\" width=\"1001\" height=\"697\" \/><figcaption id=\"caption-attachment-3786638\" class=\"wp-caption-text\"><strong>Bebe Rexha n\u00eb \u201cThe Town\u201d<\/strong>\u00a0(Foto: F\u00e1bio Tito\/g1)<\/figcaption><\/figure>\n<p>Rexha p\u00ebrndryshe pati mund\u00ebsin\u00eb q\u00eb p\u00ebr publikun brazilian t\u00eb interpretonte k\u00ebng\u00ebt e albumit t\u00eb saj m\u00eb t\u00eb fundit, \u201cBebe\u201d, t\u00eb cilin e nxori n\u00eb shitje k\u00ebt\u00eb vit.\u00a0<em><strong>\/Telegrafi\/<\/strong><\/em><\/p>\n<figure id=\"attachment_3786640\" class=\"wp-caption alignnone\" aria-describedby=\"caption-attachment-3786640\"><img loading=\"lazy\" decoding=\"async\" class=\"size-full wp-image-3786640\" src=\"https:\/\/telegrafi.com\/wp-content\/uploads\/2023\/09\/beb3.jpg\" alt=\"\" width=\"960\" height=\"677\" \/><\/figure>\n","protected":false},"excerpt":{"rendered":"<p>Artistja shqiptare me renome nd\u00ebrkomb\u00ebtare, Bebe Rexha, ka performuar s\u00eb fundmi n\u00eb festivalin e famsh\u00ebm brazilian, \u201cThe Town\u201d. Ajo k\u00ebrkoi tre burra dhe m\u00eb pas<\/p>\n","protected":false},"author":14,"featured_media":0,"comment_status":"open","ping_status":"open","sticky":false,"template":"","format":"standard","meta":{"footnotes":""},"categories":[49],"tags":[],"class_list":["post-15684","post","type-post","status-publish","format-standard","hentry","category-showbiz"],"_links":{"self":[{"href":"https:\/\/indeks.bilten.mk\/index.php?rest_route=\/wp\/v2\/posts\/15684","targetHints":{"allow":["GET"]}}],"collection":[{"href":"https:\/\/indeks.bilten.mk\/index.php?rest_route=\/wp\/v2\/posts"}],"about":[{"href":"https:\/\/indeks.bilten.mk\/index.php?rest_route=\/wp\/v2\/types\/post"}],"author":[{"embeddable":true,"href":"https:\/\/indeks.bilten.mk\/index.php?rest_route=\/wp\/v2\/users\/14"}],"replies":[{"embeddable":true,"href":"https:\/\/indeks.bilten.mk\/index.php?rest_route=%2Fwp%2Fv2%2Fcomments&post=15684"}],"version-history":[{"count":0,"href":"https:\/\/indeks.bilten.mk\/index.php?rest_route=\/wp\/v2\/posts\/15684\/revisions"}],"wp:attachment":[{"href":"https:\/\/indeks.bilten.mk\/index.php?rest_route=%2Fwp%2Fv2%2Fmedia&parent=15684"}],"wp:term":[{"taxonomy":"category","embeddable":true,"href":"https:\/\/indeks.bilten.mk\/index.php?rest_route=%2Fwp%2Fv2%2Fcategories&post=15684"},{"taxonomy":"post_tag","embeddable":true,"href":"https:\/\/indeks.bilten.mk\/index.php?rest_route=%2Fwp%2Fv2%2Ftags&post=15684"}],"curies":[{"name":"wp","href":"https:\/\/api.w.org\/{rel}","templated":true}]}}