{"id":15688,"date":"2023-09-04T14:30:23","date_gmt":"2023-09-04T12:30:23","guid":{"rendered":"https:\/\/indeks.mk\/?p=15688"},"modified":"2023-09-04T14:30:23","modified_gmt":"2023-09-04T12:30:23","slug":"ndeshja-ceki-shqiperi-do-te-drejtohet-nga-gjyqtari-me-i-mire-ne-premierlige","status":"publish","type":"post","link":"https:\/\/indeks.bilten.mk\/?p=15688","title":{"rendered":"Ndeshja \u00c7eki-Shqip\u00ebri do t\u00eb drejtohet nga gjyqtari m\u00eb i mir\u00eb n\u00eb Premierlig\u00eb"},"content":{"rendered":"<p>UEFA ka vendosur gjyqtar\u00ebt q\u00eb do t\u00eb vendosin drejt\u00ebsi n\u00eb sfid\u00ebn Republika \u00c7eke-Shqip\u00ebri.<\/p>\n<div class=\"code-block code-block-5\"><ins id=\"revive-0-3\" data-revive-zoneid=\"217\" data-revive-id=\"6d10792d7a3e9a00328e01545b0215e5\" data-revive-seq=\"3\" data-revive-loaded=\"1\"><\/p>\n<div id=\"beacon_6c383c2324\"><img loading=\"lazy\" decoding=\"async\" src=\"https:\/\/ads2.indeksonline.net\/www\/delivery\/lg.php?bannerid=3296&amp;campaignid=538&amp;zoneid=116&amp;loc=https%3A%2F%2Findeksonline.net%2Fndeshja-ceki-shqiperi-do-te-drejtohet-nga-gjyqtari-me-i-mire-ne-premierlige%2F&amp;referer=https%3A%2F%2Findeksonline.net%2Fsport%2F&amp;cb=6c383c2324\" alt=\"\" width=\"0\" height=\"0\" \/>Nj\u00eb em\u00ebr i madh i arbitrimit \u00ebsht\u00eb zgjedhur q\u00eb do t\u00eb gjykoj\u00eb k\u00ebt\u00eb sfid\u00eb t\u00eb r\u00ebnd\u00ebsish\u00ebm p\u00ebr Komb\u00ebtaren kuqezi dhe b\u00ebhet fjal\u00eb p\u00ebr Anthony Taylor.<\/div>\n<div><\/div>\n<p><\/ins><\/div>\n<div class=\"\" data-insertion=\"prepend\" data-selector=\".ai-insert-3-71157187\" data-insertion-no-dbg=\"\" data-code=\"PGRpdiBjbGFzcz0nY29kZS1ibG9jayBjb2RlLWJsb2NrLTMnIHN0eWxlPSdtYXJnaW46IDhweCAwOyBjbGVhcjogYm90aDsnPgo8IS0tIC8zNDEyOTI0L2FkeHBfaW5kZWtzb25saW5lX2luQXJ0aWNsZSAtLT4KPGRpdiBpZD0nZGl2LWdwdC1hZC0xNjg3NDIzOTExMjgxLTAnIHN0eWxlPSdtaW4td2lkdGg6IDI1MHB4OyBtaW4taGVpZ2h0OiA1MHB4Oyc+CiAgPHNjcmlwdD4KICAgIGdvb2dsZXRhZy5jbWQucHVzaChmdW5jdGlvbigpIHsgZ29vZ2xldGFnLmRpc3BsYXkoJ2Rpdi1ncHQtYWQtMTY4NzQyMzkxMTI4MS0wJyk7IH0pOwogIDwvc2NyaXB0Pgo8L2Rpdj48L2Rpdj4K\" data-block=\"3\">\n<div class=\"code-block code-block-3\">\n<div id=\"div-gpt-ad-1687423911281-0\">44-vje\u00e7ari anglez cil\u00ebsohet si arbitri m\u00eb i mir\u00eb n\u00eb Premier Lig\u00eb p\u00ebr momentin, por kontestimet ndaj tij kan\u00eb qen\u00eb gjithnj\u00eb t\u00eb shumta, si finalja e Lig\u00ebs s\u00eb Europ\u00ebs midis Sevilj\u00ebs dhe Rom\u00ebs, q\u00eb b\u00ebri Jose Mourinhon t\u00eb t\u00ebrbohej dhe ta priste n\u00eb parking p\u00ebr ta kritikuar.<\/div>\n<\/div>\n<\/div>\n<figure class=\"wp-block-image size-large\"><img loading=\"lazy\" decoding=\"async\" class=\"wp-image-1751673\" src=\"https:\/\/indeksonline.net\/wp-content\/uploads\/2023\/09\/Anthony-Taylor-UEL-final.jpg\" alt=\"\" width=\"3843\" height=\"2562\" \/>S\u00eb bashku me Taylor, tre asistent\u00ebt e tjer\u00eb t\u00eb tij do t\u00eb jen\u00eb anglez. Geri Besvik, Li Bets dhe Kreig Pavson, nd\u00ebrsa sa i p\u00ebrket dy gjyqtar\u00ebve q\u00eb do t\u00eb jen\u00eb n\u00eb VAR nuk jan\u00eb zgjedhur akoma.<\/figure>\n<div class=\"code-block code-block-7\"><ins id=\"revive-0-4\" data-revive-zoneid=\"218\" data-revive-id=\"6d10792d7a3e9a00328e01545b0215e5\" data-revive-seq=\"4\" data-revive-loaded=\"1\"><\/p>\n<div id=\"beacon_375652967d\"><img loading=\"lazy\" decoding=\"async\" src=\"https:\/\/ads2.indeksonline.net\/www\/delivery\/lg.php?bannerid=0&amp;campaignid=0&amp;zoneid=218&amp;loc=https%3A%2F%2Findeksonline.net%2Fndeshja-ceki-shqiperi-do-te-drejtohet-nga-gjyqtari-me-i-mire-ne-premierlige%2F&amp;referer=https%3A%2F%2Findeksonline.net%2Fsport%2F&amp;cb=375652967d\" alt=\"\" width=\"0\" height=\"0\" \/>P\u00ebr Anthony Taylor do t\u00eb jet\u00eb hera e par\u00eb q\u00eb gjykon edhe \u00c7ekin\u00eb, ashtu edhe Shqip\u00ebrin\u00eb.<\/div>\n<p><\/ins><\/div>\n","protected":false},"excerpt":{"rendered":"<p>UEFA ka vendosur gjyqtar\u00ebt q\u00eb do t\u00eb vendosin drejt\u00ebsi n\u00eb sfid\u00ebn Republika \u00c7eke-Shqip\u00ebri. Nj\u00eb em\u00ebr i madh i arbitrimit \u00ebsht\u00eb zgjedhur q\u00eb do t\u00eb gjykoj\u00eb<\/p>\n","protected":false},"author":14,"featured_media":15689,"comment_status":"open","ping_status":"open","sticky":false,"template":"","format":"standard","meta":{"footnotes":""},"categories":[48],"tags":[],"class_list":["post-15688","post","type-post","status-publish","format-standard","has-post-thumbnail","hentry","category-sport"],"_links":{"self":[{"href":"https:\/\/indeks.bilten.mk\/index.php?rest_route=\/wp\/v2\/posts\/15688","targetHints":{"allow":["GET"]}}],"collection":[{"href":"https:\/\/indeks.bilten.mk\/index.php?rest_route=\/wp\/v2\/posts"}],"about":[{"href":"https:\/\/indeks.bilten.mk\/index.php?rest_route=\/wp\/v2\/types\/post"}],"author":[{"embeddable":true,"href":"https:\/\/indeks.bilten.mk\/index.php?rest_route=\/wp\/v2\/users\/14"}],"replies":[{"embeddable":true,"href":"https:\/\/indeks.bilten.mk\/index.php?rest_route=%2Fwp%2Fv2%2Fcomments&post=15688"}],"version-history":[{"count":0,"href":"https:\/\/indeks.bilten.mk\/index.php?rest_route=\/wp\/v2\/posts\/15688\/revisions"}],"wp:featuredmedia":[{"embeddable":true,"href":"https:\/\/indeks.bilten.mk\/index.php?rest_route=\/wp\/v2\/media\/15689"}],"wp:attachment":[{"href":"https:\/\/indeks.bilten.mk\/index.php?rest_route=%2Fwp%2Fv2%2Fmedia&parent=15688"}],"wp:term":[{"taxonomy":"category","embeddable":true,"href":"https:\/\/indeks.bilten.mk\/index.php?rest_route=%2Fwp%2Fv2%2Fcategories&post=15688"},{"taxonomy":"post_tag","embeddable":true,"href":"https:\/\/indeks.bilten.mk\/index.php?rest_route=%2Fwp%2Fv2%2Ftags&post=15688"}],"curies":[{"name":"wp","href":"https:\/\/api.w.org\/{rel}","templated":true}]}}