{"id":15710,"date":"2023-09-04T15:10:40","date_gmt":"2023-09-04T13:10:40","guid":{"rendered":"https:\/\/indeks.mk\/?p=15710"},"modified":"2023-09-04T15:10:40","modified_gmt":"2023-09-04T13:10:40","slug":"naser-rafuna-publikon-fotografi-familjare-nga-pushimet-verore-foto","status":"publish","type":"post","link":"https:\/\/indeks.bilten.mk\/?p=15710","title":{"rendered":"Naser Rafuna publikon fotografi familjare nga pushimet verore (FOTO)"},"content":{"rendered":"<p><strong>Aktori shum\u00eb i dashur p\u00ebr publikun Naser Rafuna dit\u00eb t\u00eb fundit \u00ebsht\u00eb m\u00eb pushime.<\/strong><\/p>\n<p>Aktori ka publikuar disa foto n\u00eb \u2018Instagram\u2019 ku shihet duke i shijuar pushimet pran\u00eb familjes, shkruan\u00a0<strong>\u201cKosovarja\u201d<\/strong>.<\/p>\n<div id=\"kosov-385376973\" class=\"kosov-mes-artikulli3-300x250\">\n<div id=\"M161593ScriptRootC1283131_16dec\">\n<div id=\"MarketGidComposite1283131_16dec\">\n<div class=\"mgbox\">\n<div class=\"mgheader1283131\"><\/div>\n<div class=\"mgline teaser-17027224 type-w\" data-i=\"UcbzbczRY6pR-p29qg2R6WyWdjqy7fiOc5CldK_FmJVYVT2LVvxSYnqy022lTBthKmKo8sTFMU3HVjX_E4QAyQ**\" data-observe-time=\"0\" data-observe-start=\"0\" data-observing=\"yes\" data-load-fired=\"true\">\n<div class=\"image-with-text\">\n<div class=\"text-elements\">\n<div class=\"text_on_hover\">\n<div class=\"mglbtn\"><\/div>\n<\/div>\n<\/div>\n<\/div>\n<\/div>\n<\/div>\n<\/div>\n<\/div>\n<\/div>\n<p><img loading=\"lazy\" decoding=\"async\" class=\"aligncenter size-full wp-image-495683\" src=\"https:\/\/i0.wp.com\/www.kosovarja-ks.com\/wp-content\/uploads\/2023\/09\/vlorakadrijajrafuna_374885625_18381962590003379_2894508014596825587_n.jpg?resize=1440%2C1440&amp;ssl=1\" sizes=\"auto, (max-width: 1000px) 100vw, 1000px\" srcset=\"https:\/\/i0.wp.com\/www.kosovarja-ks.com\/wp-content\/uploads\/2023\/09\/vlorakadrijajrafuna_374885625_18381962590003379_2894508014596825587_n.jpg?w=1440&amp;ssl=1 1440w, https:\/\/i0.wp.com\/www.kosovarja-ks.com\/wp-content\/uploads\/2023\/09\/vlorakadrijajrafuna_374885625_18381962590003379_2894508014596825587_n.jpg?resize=300%2C300&amp;ssl=1 300w, https:\/\/i0.wp.com\/www.kosovarja-ks.com\/wp-content\/uploads\/2023\/09\/vlorakadrijajrafuna_374885625_18381962590003379_2894508014596825587_n.jpg?resize=1024%2C1024&amp;ssl=1 1024w, https:\/\/i0.wp.com\/www.kosovarja-ks.com\/wp-content\/uploads\/2023\/09\/vlorakadrijajrafuna_374885625_18381962590003379_2894508014596825587_n.jpg?resize=160%2C160&amp;ssl=1 160w, https:\/\/i0.wp.com\/www.kosovarja-ks.com\/wp-content\/uploads\/2023\/09\/vlorakadrijajrafuna_374885625_18381962590003379_2894508014596825587_n.jpg?resize=768%2C768&amp;ssl=1 768w, https:\/\/i0.wp.com\/www.kosovarja-ks.com\/wp-content\/uploads\/2023\/09\/vlorakadrijajrafuna_374885625_18381962590003379_2894508014596825587_n.jpg?resize=75%2C75&amp;ssl=1 75w, https:\/\/i0.wp.com\/www.kosovarja-ks.com\/wp-content\/uploads\/2023\/09\/vlorakadrijajrafuna_374885625_18381962590003379_2894508014596825587_n.jpg?resize=350%2C350&amp;ssl=1 350w, https:\/\/i0.wp.com\/www.kosovarja-ks.com\/wp-content\/uploads\/2023\/09\/vlorakadrijajrafuna_374885625_18381962590003379_2894508014596825587_n.jpg?resize=750%2C750&amp;ssl=1 750w, https:\/\/i0.wp.com\/www.kosovarja-ks.com\/wp-content\/uploads\/2023\/09\/vlorakadrijajrafuna_374885625_18381962590003379_2894508014596825587_n.jpg?resize=1140%2C1140&amp;ssl=1 1140w\" alt=\"\" width=\"673\" height=\"673\" data-pin-no-hover=\"true\" \/><\/p>\n<p>Nd\u00ebrsa komenti nj\u00eb detaj q\u00eb ka ren\u00eb n\u00eb syrin e ndjek\u00ebsve \u00ebsht\u00eb edhe komenti i bashk\u00ebshortes s\u00eb aktorit.<\/p>\n<p>Ajo ka shkruar \u201cLumturia \u00ebsht\u00eb krah\u00ebt e burrit tim\u201d.<\/p>\n<p><img loading=\"lazy\" decoding=\"async\" class=\"aligncenter size-full wp-image-495684\" src=\"https:\/\/i0.wp.com\/www.kosovarja-ks.com\/wp-content\/uploads\/2023\/09\/vlorakadrijajrafuna_375046376_18381962614003379_1243603917296016915_n.jpg?resize=1440%2C1440&amp;ssl=1\" sizes=\"auto, (max-width: 1000px) 100vw, 1000px\" srcset=\"https:\/\/i0.wp.com\/www.kosovarja-ks.com\/wp-content\/uploads\/2023\/09\/vlorakadrijajrafuna_375046376_18381962614003379_1243603917296016915_n.jpg?w=1440&amp;ssl=1 1440w, https:\/\/i0.wp.com\/www.kosovarja-ks.com\/wp-content\/uploads\/2023\/09\/vlorakadrijajrafuna_375046376_18381962614003379_1243603917296016915_n.jpg?resize=300%2C300&amp;ssl=1 300w, https:\/\/i0.wp.com\/www.kosovarja-ks.com\/wp-content\/uploads\/2023\/09\/vlorakadrijajrafuna_375046376_18381962614003379_1243603917296016915_n.jpg?resize=1024%2C1024&amp;ssl=1 1024w, https:\/\/i0.wp.com\/www.kosovarja-ks.com\/wp-content\/uploads\/2023\/09\/vlorakadrijajrafuna_375046376_18381962614003379_1243603917296016915_n.jpg?resize=160%2C160&amp;ssl=1 160w, https:\/\/i0.wp.com\/www.kosovarja-ks.com\/wp-content\/uploads\/2023\/09\/vlorakadrijajrafuna_375046376_18381962614003379_1243603917296016915_n.jpg?resize=768%2C768&amp;ssl=1 768w, https:\/\/i0.wp.com\/www.kosovarja-ks.com\/wp-content\/uploads\/2023\/09\/vlorakadrijajrafuna_375046376_18381962614003379_1243603917296016915_n.jpg?resize=75%2C75&amp;ssl=1 75w, https:\/\/i0.wp.com\/www.kosovarja-ks.com\/wp-content\/uploads\/2023\/09\/vlorakadrijajrafuna_375046376_18381962614003379_1243603917296016915_n.jpg?resize=350%2C350&amp;ssl=1 350w, https:\/\/i0.wp.com\/www.kosovarja-ks.com\/wp-content\/uploads\/2023\/09\/vlorakadrijajrafuna_375046376_18381962614003379_1243603917296016915_n.jpg?resize=750%2C750&amp;ssl=1 750w, https:\/\/i0.wp.com\/www.kosovarja-ks.com\/wp-content\/uploads\/2023\/09\/vlorakadrijajrafuna_375046376_18381962614003379_1243603917296016915_n.jpg?resize=1140%2C1140&amp;ssl=1 1140w\" alt=\"\" width=\"673\" height=\"673\" data-pin-no-hover=\"true\" \/><img loading=\"lazy\" decoding=\"async\" class=\"aligncenter size-full wp-image-495685\" src=\"https:\/\/i0.wp.com\/www.kosovarja-ks.com\/wp-content\/uploads\/2023\/09\/vlorakadrijajrafuna_375056277_18381962560003379_6586464736912548_n.jpg?resize=1080%2C1079&amp;ssl=1\" sizes=\"auto, (max-width: 1000px) 100vw, 1000px\" srcset=\"https:\/\/i0.wp.com\/www.kosovarja-ks.com\/wp-content\/uploads\/2023\/09\/vlorakadrijajrafuna_375056277_18381962560003379_6586464736912548_n.jpg?w=1080&amp;ssl=1 1080w, https:\/\/i0.wp.com\/www.kosovarja-ks.com\/wp-content\/uploads\/2023\/09\/vlorakadrijajrafuna_375056277_18381962560003379_6586464736912548_n.jpg?resize=300%2C300&amp;ssl=1 300w, https:\/\/i0.wp.com\/www.kosovarja-ks.com\/wp-content\/uploads\/2023\/09\/vlorakadrijajrafuna_375056277_18381962560003379_6586464736912548_n.jpg?resize=1024%2C1024&amp;ssl=1 1024w, https:\/\/i0.wp.com\/www.kosovarja-ks.com\/wp-content\/uploads\/2023\/09\/vlorakadrijajrafuna_375056277_18381962560003379_6586464736912548_n.jpg?resize=160%2C160&amp;ssl=1 160w, https:\/\/i0.wp.com\/www.kosovarja-ks.com\/wp-content\/uploads\/2023\/09\/vlorakadrijajrafuna_375056277_18381962560003379_6586464736912548_n.jpg?resize=768%2C767&amp;ssl=1 768w, https:\/\/i0.wp.com\/www.kosovarja-ks.com\/wp-content\/uploads\/2023\/09\/vlorakadrijajrafuna_375056277_18381962560003379_6586464736912548_n.jpg?resize=75%2C75&amp;ssl=1 75w, https:\/\/i0.wp.com\/www.kosovarja-ks.com\/wp-content\/uploads\/2023\/09\/vlorakadrijajrafuna_375056277_18381962560003379_6586464736912548_n.jpg?resize=350%2C350&amp;ssl=1 350w, https:\/\/i0.wp.com\/www.kosovarja-ks.com\/wp-content\/uploads\/2023\/09\/vlorakadrijajrafuna_375056277_18381962560003379_6586464736912548_n.jpg?resize=750%2C749&amp;ssl=1 750w\" alt=\"\" width=\"673\" height=\"672\" data-pin-no-hover=\"true\" \/><img loading=\"lazy\" decoding=\"async\" class=\"aligncenter size-full wp-image-495686\" src=\"https:\/\/i0.wp.com\/www.kosovarja-ks.com\/wp-content\/uploads\/2023\/09\/vlorakadrijajrafuna_374774388_18381962578003379_669360275111047464_n.jpg?resize=1440%2C1440&amp;ssl=1\" sizes=\"auto, (max-width: 1000px) 100vw, 1000px\" srcset=\"https:\/\/i0.wp.com\/www.kosovarja-ks.com\/wp-content\/uploads\/2023\/09\/vlorakadrijajrafuna_374774388_18381962578003379_669360275111047464_n.jpg?w=1440&amp;ssl=1 1440w, https:\/\/i0.wp.com\/www.kosovarja-ks.com\/wp-content\/uploads\/2023\/09\/vlorakadrijajrafuna_374774388_18381962578003379_669360275111047464_n.jpg?resize=300%2C300&amp;ssl=1 300w, https:\/\/i0.wp.com\/www.kosovarja-ks.com\/wp-content\/uploads\/2023\/09\/vlorakadrijajrafuna_374774388_18381962578003379_669360275111047464_n.jpg?resize=1024%2C1024&amp;ssl=1 1024w, https:\/\/i0.wp.com\/www.kosovarja-ks.com\/wp-content\/uploads\/2023\/09\/vlorakadrijajrafuna_374774388_18381962578003379_669360275111047464_n.jpg?resize=160%2C160&amp;ssl=1 160w, https:\/\/i0.wp.com\/www.kosovarja-ks.com\/wp-content\/uploads\/2023\/09\/vlorakadrijajrafuna_374774388_18381962578003379_669360275111047464_n.jpg?resize=768%2C768&amp;ssl=1 768w, https:\/\/i0.wp.com\/www.kosovarja-ks.com\/wp-content\/uploads\/2023\/09\/vlorakadrijajrafuna_374774388_18381962578003379_669360275111047464_n.jpg?resize=75%2C75&amp;ssl=1 75w, https:\/\/i0.wp.com\/www.kosovarja-ks.com\/wp-content\/uploads\/2023\/09\/vlorakadrijajrafuna_374774388_18381962578003379_669360275111047464_n.jpg?resize=350%2C350&amp;ssl=1 350w, https:\/\/i0.wp.com\/www.kosovarja-ks.com\/wp-content\/uploads\/2023\/09\/vlorakadrijajrafuna_374774388_18381962578003379_669360275111047464_n.jpg?resize=750%2C750&amp;ssl=1 750w, https:\/\/i0.wp.com\/www.kosovarja-ks.com\/wp-content\/uploads\/2023\/09\/vlorakadrijajrafuna_374774388_18381962578003379_669360275111047464_n.jpg?resize=1140%2C1140&amp;ssl=1 1140w\" alt=\"\" width=\"673\" height=\"673\" data-pin-no-hover=\"true\" \/><\/p>\n","protected":false},"excerpt":{"rendered":"<p>Aktori shum\u00eb i dashur p\u00ebr publikun Naser Rafuna dit\u00eb t\u00eb fundit \u00ebsht\u00eb m\u00eb pushime. Aktori ka publikuar disa foto n\u00eb \u2018Instagram\u2019 ku shihet duke i<\/p>\n","protected":false},"author":14,"featured_media":0,"comment_status":"open","ping_status":"open","sticky":false,"template":"","format":"standard","meta":{"footnotes":""},"categories":[49],"tags":[],"class_list":["post-15710","post","type-post","status-publish","format-standard","hentry","category-showbiz"],"_links":{"self":[{"href":"https:\/\/indeks.bilten.mk\/index.php?rest_route=\/wp\/v2\/posts\/15710","targetHints":{"allow":["GET"]}}],"collection":[{"href":"https:\/\/indeks.bilten.mk\/index.php?rest_route=\/wp\/v2\/posts"}],"about":[{"href":"https:\/\/indeks.bilten.mk\/index.php?rest_route=\/wp\/v2\/types\/post"}],"author":[{"embeddable":true,"href":"https:\/\/indeks.bilten.mk\/index.php?rest_route=\/wp\/v2\/users\/14"}],"replies":[{"embeddable":true,"href":"https:\/\/indeks.bilten.mk\/index.php?rest_route=%2Fwp%2Fv2%2Fcomments&post=15710"}],"version-history":[{"count":0,"href":"https:\/\/indeks.bilten.mk\/index.php?rest_route=\/wp\/v2\/posts\/15710\/revisions"}],"wp:attachment":[{"href":"https:\/\/indeks.bilten.mk\/index.php?rest_route=%2Fwp%2Fv2%2Fmedia&parent=15710"}],"wp:term":[{"taxonomy":"category","embeddable":true,"href":"https:\/\/indeks.bilten.mk\/index.php?rest_route=%2Fwp%2Fv2%2Fcategories&post=15710"},{"taxonomy":"post_tag","embeddable":true,"href":"https:\/\/indeks.bilten.mk\/index.php?rest_route=%2Fwp%2Fv2%2Ftags&post=15710"}],"curies":[{"name":"wp","href":"https:\/\/api.w.org\/{rel}","templated":true}]}}