{"id":15712,"date":"2023-09-04T15:39:23","date_gmt":"2023-09-04T13:39:23","guid":{"rendered":"https:\/\/indeks.mk\/?p=15712"},"modified":"2023-09-04T15:39:23","modified_gmt":"2023-09-04T13:39:23","slug":"ramush-haradinaj-kosoves-ti-dalim-zot","status":"publish","type":"post","link":"https:\/\/indeks.bilten.mk\/?p=15712","title":{"rendered":"Ramush Haradinaj: Kosov\u00ebs t\u2019i dalim zot!"},"content":{"rendered":"<p><strong>Ramush Haradinaj<\/strong><\/p>\n<p><strong>\u00a0<\/strong>KOSOVA (1999-2020)<\/p>\n<p>E shkat\u00ebrruar t\u00ebr\u00ebsisht nga diskriminimi afatgjat\u00eb dhe lufta dy vje\u00e7are, Kosova p\u00ebrve\u00e7 liris\u00eb nuk kishte asgj\u00eb m\u00eb 12 qershor 1999. Rruga e Kosov\u00ebs p\u00ebr nd\u00ebrtim dhe zhvillim gjat\u00eb k\u00ebtyre dy dekadave ishte shum\u00eb e v\u00ebshtir\u00eb dhe e penguar jo vet\u00ebm nga mungesa e kapaciteteve dhe\u00a0 mund\u00ebsive ekonomike por edhe sfidat e shumta politike q\u00eb nd\u00ebrlidhen me statusin e saj dhe luft\u00ebn q\u00eb vazhdon t\u2019i b\u00ebhet nga Serbia dhe aleat\u00ebt e saj. Nd\u00ebrtimin dhe arritjet e Kosov\u00ebs i\u00a0 b\u00ebn njer\u00ebzit e saj bashk\u00eb me aleat\u00ebt t\u00eb cil\u00ebt kurr\u00eb nuk ju ndan popullit t\u00eb Kosov\u00ebs<\/p>\n<p>Megjithat\u00eb:<\/p>\n<ul>\n<li>P\u00ebrderisa n\u00eb vitin 1999 Kosova nuk kishte asnj\u00eb institucion e as administrat\u00eb publiken, n\u00eb vitin 2020 Kosova kishte t\u00eb nd\u00ebrtuar administrat\u00eb funksionale dhe administrat\u00eb profesionale publike prej 80000 t\u00eb pun\u00ebsuarve.<\/li>\n<\/ul>\n<p>&nbsp;<\/p>\n<ul>\n<li>P\u00ebrderisa n\u00eb vitin 1999 Kosova nuk kishte polici dhe fillimisht polic\u00ebt u rekrutuan me nj\u00eb trajnim tremujor, n\u00eb vitin 2020 Kosova kishte sh\u00ebrbimin policor nd\u00ebr sh\u00ebrbimet m\u00eb profesionale n\u00eb rajon.<\/li>\n<\/ul>\n<p>&nbsp;<\/p>\n<ul>\n<li>P\u00ebrderisa n\u00eb vitin 1999 Kosova nuk kishte sh\u00ebrbim doganor e as administrat\u00eb tatimore, n\u00eb vitin 2020 sh\u00ebrbimi doganor e administrata tatimore ishin m\u00eb t\u00eb avancuarat n\u00eb rajon.<\/li>\n<\/ul>\n<p>&nbsp;<\/p>\n<p>&nbsp;<\/p>\n<ul>\n<li>P\u00ebrderisa n\u00eb vitin 1999 Kosova nuk e kishte asnj\u00eb rrug\u00eb n\u00eb nivel t\u00eb duhur dhe asnj\u00eb autorrug\u00eb, n\u00eb vitin 2020 Kosova ishte af\u00ebr rrumbullak\u00ebsimit t\u00eb infrastruktur\u00ebs rrugore<\/li>\n<\/ul>\n<p>&nbsp;<\/p>\n<ul>\n<li>P\u00ebrderisa n\u00eb vitin 1999 Kosova nuk e kishte asnj\u00eb shkoll\u00eb operacionale dhe pa asnj\u00eb mund\u00ebsi shkollimi cil\u00ebsor, n\u00eb vitin 2020 pothuajse e ka t\u00eb p\u00ebrmbyllur nd\u00ebrtimin e infrastruktur\u00ebs shkollore.<\/li>\n<\/ul>\n<p>&nbsp;<\/p>\n<p>&nbsp;<\/p>\n<ul>\n<li>P\u00ebrderisa n\u00eb vitin 2002 buxheti i Kosov\u00ebs ishte 200 milion euro, n\u00eb vitin 2020 buxheti i Kosov\u00ebs ishte 2.4 miliard Euro.<\/li>\n<\/ul>\n<p>&nbsp;<\/p>\n<ul>\n<li>P\u00ebrderisa n\u00eb vitin 1999 Kosova ishte protektorat nd\u00ebrkomb\u00ebtar i OKB pa prejudikim t\u00eb qart\u00eb p\u00ebr statusin final t\u00eb saj, plot \u201cmilitan\u00eb t\u00eb Vet\u00ebvendosjes\u201d nuk besuan n\u00eb bisedimet e Rambujes e as t\u00eb Vjen\u00ebs e as n\u00eb q\u00ebllimet e mira t\u00eb vendeve aleate kurse lidershipi vendor u akuzua p\u00ebr tradhti komb\u00ebtare. N\u00eb vitin 2020 Kosova ishte shtet sovran dhe i pavarur, i njohur nga 116 shtete me 33 ambasada n\u00eb gjith\u00eb bot\u00ebn dhe me status t\u00eb respektuar dhe privilegjuar nga shtetet e bot\u00ebs demokratike.<\/li>\n<\/ul>\n<p>&nbsp;<\/p>\n<ul>\n<li>P\u00ebrderisa Kosova edhe gjat\u00eb luft\u00ebs u p\u00ebrball me plot kurthe dhe oferta p\u00ebr \u201caleat\u00eb\u201d t\u00eb rinj t\u00eb bazuar n\u00eb religjion, ideologji majtiste antiglobaliste apo riorientim tjet\u00ebr t\u00eb rrug\u00ebs son\u00eb, deri n\u00eb vitin 2020 Kosova ruajti me fanatiz\u00ebm rrug\u00ebn e integrimeve EuroAtlantike dhe forcoi miq\u00ebsin\u00eb me SHBA dhe vendet tjera t\u00eb NATOs dhe aspiron fuqish\u00ebm an\u00ebtar\u00ebsimin e plot\u00eb n\u00eb t\u00eb gjitha organizatat Euro Atlantike<\/li>\n<\/ul>\n<p>&nbsp;<\/p>\n<ul>\n<li>P\u00ebrderisa n\u00eb vitin 1999 n\u00ebn ombrell\u00ebn e OKB me shum\u00eb v\u00ebshtir\u00ebsi nga U\u00c7K u krijua TMK, q\u00eb nga viti 2018 Republika e Kosov\u00ebs ka ushtrin\u00eb e saj t\u00eb trajnuar dhe zhvilluar n\u00ebn ombrell\u00ebn e NATOS dhe me krenari ushtar\u00ebt e saj p\u00ebrfaq\u00ebsojn\u00eb Kosov\u00ebn n\u00eb misione paq\u00ebsore n\u00ebp\u00ebr bot\u00eb.<\/li>\n<\/ul>\n<p>Por sot ku \u00ebsht\u00eb Kosova:<\/p>\n<ul>\n<li>Q\u00eb nga 14 shkurti i 2021 Kosova \u00ebsht\u00eb n\u00eb nj\u00eb rrug\u00eb t\u00eb papritur dhe t\u00eb papar\u00eb t\u00eb regresit dhe t\u00eb p\u00ebrkeq\u00ebsimit t\u00eb \u00e7do teme politike dhe t\u00eb \u00e7do fushe t\u00eb jet\u00ebs;<\/li>\n<li>N\u00eb em\u00ebr t\u00eb ndryshimit dhe duke shfryt\u00ebzuar lodhjen qytetare nga politika e gjat\u00eb dhe e v\u00ebshtir\u00eb e tranzicionit, Albin Kurti dhe Vet\u00ebvendosje fitoi zgjedhjet dhe krijoi shpresa dhe \u00ebndrra p\u00ebr rinin\u00eb q\u00eb tash heshturazi zhg\u00ebnjimin po e shpreh duke e braktis\u00eb Kosov\u00ebn si kurr\u00eb m\u00eb par\u00eb;<\/li>\n<li>Albin Kurti dhe partia e tij urrejti dhe mbiu far\u00eb urrejtjeje n\u00eb \u00e7do njeri t\u00eb Kosov\u00ebs dhe n\u00eb \u00e7do t\u00eb arritur q\u00eb kishte Kosova n\u00eb 20 vitet e fundit;<\/li>\n<li>P\u00ebrmes rrjeteve sociale, falanga e tij fyu, lin\u00e7oi dhe p\u00ebrdhosi \u00e7do oponent politik, \u00e7do gazetar dhe m\u00eb e keqja \u00e7do zyrtar t\u00eb shteteve m\u00eb t\u00eb fuqishme n\u00eb bot\u00eb;<\/li>\n<li>Rival\u00ebt politik\u00eb kurr\u00eb nuk i pa si konkurrent\u00eb idesh por si armiq q\u00eb duhet t\u00eb luftohen n\u00eb \u00e7do form\u00eb, me protesta, me lin\u00e7ime, me shpifje e deri te sulmet fizike;<\/li>\n<li>P\u00ebr Albinin, shteti i Kosov\u00ebs ishte shtet i d\u00ebshtuar, shtet i mafias e krimit t\u00eb organizuar dhe duhej Republika e tret\u00eb, apo kur gjente t\u00eb marr\u00eb q\u00eb e besonin edhe Bashkimin Komb\u00ebtar;<\/li>\n<li>\u00c7do njeri ishte dhe vazhdon t\u00eb jet\u00eb kriminel dhe i korruptuar n\u00ebse nuk \u00ebsht\u00eb Vet\u00ebvendosje. \u00c7do kriminel dhe i korruptuar nuk \u00ebsht\u00eb kriminel as i korruptuar n\u00ebse mb\u00ebshtet apo \u00ebsht\u00eb pjes\u00eb e Vet\u00ebvendosjes;<\/li>\n<li>Flasin dhe piskasin p\u00ebr \u201cPatriotiz\u00ebm\u201d e m\u00eb s\u00eb shumti ai dhe plot si ai q\u00eb as vet e as familjet e tyre kurr\u00eb tok\u00ebn e Kosov\u00ebs nuk e kan\u00eb lar\u00eb me asnj\u00eb pik\u00eb gjaku e kurr\u00eb nuk e kan\u00eb shijuar asnj\u00eb vuajtje nga okupatori dhe kurr\u00eb historikisht asnj\u00eb shkrepje plumbi kund\u00ebr armikut as nga ata as nga familjet e tyre nuk e kan\u00eb b\u00ebr\u00eb;<\/li>\n<li>Gjith\u00e7ka ishte p\u00ebr pushtet! Do t\u00eb mbetet njoll\u00eb n\u00eb nd\u00ebrgjegjen e tij se ai dikur d\u00ebrgoi njer\u00ebz n\u00eb vdekje p\u00ebr t\u00eb k\u00ebrkuar pavar\u00ebsi p\u00ebr Kosov\u00ebn n\u00eb protesta edhe pse e dinte se pako e Ahtisarit parashihte pavar\u00ebsin\u00eb e Kosov\u00ebs.<\/li>\n<\/ul>\n<p>P\u00ebrndryshe, n\u00eb pushtet \u00ebsht\u00eb nj\u00eb njeri dhe nj\u00eb parti q\u00eb \u00e7do veprim e b\u00ebjn\u00eb gabim dhe n\u00eb d\u00ebm t\u00eb vendit.<\/p>\n<p>Kurti ndoshta mendon se integrimi n\u00eb strukturat euroatlantike b\u00ebhet duke i rr\u00ebnuar marr\u00ebdh\u00ebniet me Shtetet e Bashkuara t\u00eb Amerik\u00ebs dhe vendet aleate t\u00eb NATO.<\/p>\n<p>Kurti ndoshta mendon se rritet siguria nacionale duke punuar kund\u00ebr k\u00ebshillave t\u00eb miqve dhe partner\u00ebve t\u00eb vet\u00ebm q\u00eb i kemi. Aq m\u00eb tep\u00ebr, ai iu ligj\u00ebron ndjek\u00ebsve t\u00eb vet\u00eb t\u00eb verb\u00ebr kinse po e mbron sovranitetin duke i kund\u00ebrshtuar ata q\u00eb na kan\u00eb mb\u00ebshtetur pa kushte n\u00eb rrug\u00ebn ton\u00eb drejt liris\u00eb dhe pavar\u00ebsis\u00eb.<\/p>\n<p>Kurti ndoshta mendon se SHBA dhe BE (garantuesit e pavar\u00ebsis\u00eb) duan t\u00eb ofrojn\u00eb marr\u00ebveshje p\u00ebrfundimtare q\u00eb e shkat\u00ebrron shtetin e Kosov\u00ebs por fati historik ishte i till\u00eb q\u00eb Albini do t\u00eb mbroj\u00eb Kosov\u00ebn nga Amerika, BE, opozita tradhtare, Shqip\u00ebria e miq\u00ebsuar me Vu\u00e7iqin, partit\u00eb e korruptuara qeveris\u00ebse shqiptare n\u00eb Maqedoni, portalet e shitura, gjyq\u00ebsori i kapur, bizneset e korruptuara dhe n\u00eb fund pak edhe nga Serbia dhe Putini.<\/p>\n<p>Kurti po provon ta bind bot\u00ebn se e promovon fjal\u00ebn e lir\u00eb duke i anatemuar, bojkotuar dhe luftuar mediat e pavarura.<\/p>\n<p>Kurti provon ta luftoj\u00eb korrupsionin duke e sulmuar sistemin e drejt\u00ebsis\u00eb dhe opozit\u00ebn, nd\u00ebrsa refuzon t\u00eb niset nga vetja e tij dhe bashk\u00ebpun\u00ebtor\u00ebt e af\u00ebrt.<\/p>\n<p>Kurti pretendon ta rris\u00eb sigurin\u00eb e brendshme duke i ulur pagat polic\u00ebve. Polic\u00ebt e Kosov\u00ebs jan\u00eb t\u00eb mbingarkuar, t\u00eb pamotivuar dhe stafi komandues n\u00eb m\u00ebnyr\u00eb permanente n\u00ebn presion t\u00eb \u201cd\u00ebgjueshm\u00ebris\u00eb\u201d s\u00eb urdh\u00ebrave q\u00eb vijn\u00eb qoft\u00eb nga Ministria, qoft\u00eb nga Belvederja, qoft\u00eb nga zyra relevante e L\u00ebvizjes Vet\u00ebvendosje.<\/p>\n<p>Reformat n\u00eb arsim nuk jan\u00eb reforma por masa kund\u00ebr m\u00ebsuesve, kund\u00ebr nx\u00ebn\u00ebsve e prind\u00ebrve e t\u00eb mos flasim p\u00ebr sindikatat.<\/p>\n<p>Kurti pretendon ta zhvilloj\u00eb ekonomin\u00eb duke u sulur kund\u00ebr nd\u00ebrmarr\u00ebsve e bizneseve. Asnj\u00eb mas\u00eb ekonomike q\u00eb hap tregun e Kosov\u00ebs por vet\u00ebm masa q\u00eb \u201cdisiplinon\u201d shpirtin afarist t\u00eb shqiptarit. Kurr\u00eb asnj\u00eb Qeveri as n\u00eb Kosov\u00eb as n\u00eb rajon nuk i ka konsideruar bizneset si oligark\u00eb e kriminel\u00eb potencial\u00eb n\u00eb m\u00ebnyr\u00ebn si\u00e7 i sheh Albini dhe Vet\u00ebvendosje<\/p>\n<p>Asnj\u00eb investitor serioz dhe m\u00eb e keqja asnj\u00eb vizit\u00eb investitor\u00ebsh serioz q\u00eb nga viti 2020. U d\u00ebbuan Amerikan\u00ebt me Kosov\u00ebn C, u anulua projekti Amerikan i gazit. Nuk u vazhdua asnj\u00eb kontrat\u00eb rrugore me asnj\u00eb kompani Amerikane dhe sot n\u00eb Kosov\u00eb kompanit\u00eb Amerikane nuk ekzistojn\u00eb. Kosova \u00ebsht\u00eb vendi m\u00eb joatraktiv p\u00ebr investime t\u00eb jashtme nga t\u00eb gjitha vendet e rajonit. Nuk ofron por d\u00ebbon investitor\u00eb.<\/p>\n<p>Kurti sivjet po e harton buxhetin e pest\u00eb, t\u00eb p\u00ebrs\u00ebritur me investimet m\u00eb t\u00eb ul\u00ebta kapitale n\u00eb 16 vitet e fundit.\u00a0 Projektet e nisura kane mbetur kantiere, n\u00eb d\u00ebm t\u00eb qytetar\u00ebve dhe t\u00eb ekonomis\u00eb.<\/p>\n<p>Madje madje, Kurti pretendon t\u2019i afroj\u00eb shqiptar\u00ebt duke i rr\u00ebnuar marr\u00ebdh\u00ebniet me Shqip\u00ebrin\u00eb. Dikur mashtronte duke festuar \u201cDit\u00ebt e \u00c7am\u00ebris\u00eb\u201d rrug\u00ebve t\u00eb Prishtin\u00ebs, sot pjes\u00ebn m\u00eb t\u00eb madhe t\u00eb vizitave jasht\u00eb vendit gjat\u00eb mandatit t\u00eb tij e kaloi n\u00eb rivier\u00ebn Greke larg nga Durr\u00ebsi e Vlora heroike edhe m\u00eb larg nga ideali p\u00ebr t\u00eb cilin njer\u00ebzit e tij mbase edhe ishin gati t\u00eb flijoheshin<\/p>\n<p>N\u00eb dialog Kurti \u00ebsht\u00eb gjith\u00e7ka p\u00ebrve\u00e7 negociator. E filloi vrullsh\u00ebm me ligj\u00ebrata lloj lloj prej Revolucionit Francez e vazhdoi deri te teorit\u00eb p\u00ebr riorganizim t\u00eb Ballkanit Perendimor (nga CEFTA n\u00eb SEFTA), sfidoi strategjin\u00eb e zgjerimit t\u00eb NATO\u2019s, tentoi rikomponimin e grupit negociator serb p\u00ebr t\u00eb zhdukurit, zbuloi se Escobar dhe BE po e shtyjn\u00eb agjend\u00ebn e Vu\u00e7iqit, se nga Kosova po k\u00ebrkohet t\u00eb paguaj\u00eb p\u00ebr afrimin e Serbis\u00eb me BE, e plot teori t\u00eb tjera.<\/p>\n<p>P\u00ebrfundoi dhe u t\u00ebrhoq me\u201d bisht n\u00ebn shal\u00eb\u201d n\u00eb tentimin p\u00ebr imponim t\u00eb targave t\u00eb Kosov\u00ebs n\u00eb Veri, demonstroi dhe zyrtarizoi debaklin total t\u00eb Kosov\u00ebs n\u00eb integrim t\u00eb minoriteteve me zgjedhjet n\u00eb veri, humbi p\u00ebrkrahjen nd\u00ebrkomb\u00ebtare dhe i solli sanksione Kosov\u00ebs nga BE me d\u00ebme tep\u00ebr t\u00eb r\u00ebnda. Na izoloi, na barazoi n\u00eb syt\u00eb e bot\u00ebs me rolin dekonstruktiv t\u00eb Serbis\u00eb, duke qen\u00eb plot\u00ebsisht e pav\u00ebrtet\u00eb.<\/p>\n<p>Kurti \u00ebsht\u00eb totalitar, nj\u00eb politikan q\u00eb nuk duron mendim ndryshe.<br \/>\nP\u00ebr t\u00eb, p\u00ebrgjegja ndaj mendimeve ndryshe apo edhe kund\u00ebr fakteve q\u00eb e demaskojn\u00eb nuk jan\u00eb kund\u00ebrargumentet por lin\u00e7imi, kund\u00ebr kujtdo.<\/p>\n<p>Kurti \u00ebsht\u00eb n\u00eb funksion t\u00eb rr\u00ebnimit t\u00eb urave t\u00eb miq\u00ebsis\u00eb q\u00eb shqiptar\u00ebt me shum\u00eb mund arrit\u00ebn t\u2019i krijojn\u00eb n\u00eb 30 vitet e fundit.<\/p>\n<p>Kurti \u00ebsht\u00eb kund\u00ebr demokracis\u00eb dhe cilitdo element shtyll\u00eb t\u00eb saj. Ai \u00ebsht\u00eb kund\u00ebr Kosov\u00ebs.<\/p>\n<p>\u00c7KA TASH?<\/p>\n<p>N\u00eb rrug\u00ebn e gabimeve kurdo q\u00eb ndalesh je n\u00eb fitim, thot\u00eb populli.<\/p>\n<ul>\n<li>Nuk b\u00ebn pa hy n\u00eb NATO. Hyrja n\u00eb NATO p\u00ebrmbyll p\u00ebrgjithmon\u00eb k\u00ebrc\u00ebnimet klasike t\u00eb siguris\u00eb nacionale;<\/li>\n<li>Nuk b\u00ebn pa e rrit\u00eb presionin p\u00ebr arritje t\u00eb marr\u00ebveshjes p\u00ebrfundimtare me Serbin\u00eb p\u00ebr njohje reciproke. Dialogu nuk b\u00ebhet p\u00ebr Franc\u00ebn as p\u00ebr BE e as p\u00ebr SHBA. Q\u00eb t\u00eb gjitha k\u00ebto, mir\u00ebqenien e qytetar\u00ebve t\u00eb vet\u00eb e kan\u00eb t\u00eb pavarur nga dialogu Kosov\u00eb-Serbi. Kosova nuk e ka;<\/li>\n<li>Nuk b\u00ebn pa i\u2019u rikthyer partneritetit dhe k\u00ebshillimit t\u00eb sinqert\u00eb me miqt\u00eb e vet\u00ebm q\u00eb i kemi;<\/li>\n<li>Nuk b\u00ebn pa u besuar atyre q\u00eb u besuam n\u00eb Rambuje dhe n\u00eb Vjen\u00eb. Jan\u00eb t\u00eb nj\u00ebjtit;<\/li>\n<li>Nuk b\u00ebn q\u00eb n\u00eb dialog t\u00eb sillemi si superfuqi dhe me metoda dhe retorik\u00eb populiste t\u00eb synohet ikja nga obligimet nd\u00ebrkomb\u00ebtare;<\/li>\n<li>Nuk b\u00ebn kurr\u00eb t\u00eb merren obligime me iden\u00eb q\u00eb gjat\u00eb rrug\u00ebs t\u00eb bishtnohen ato;<\/li>\n<li>Nuk b\u00ebn t\u00eb sulmohet sistemi i drejt\u00ebsis\u00eb nga qeveria \u00e7doher\u00eb kur zyrtar\u00ebt e VV-s\u00eb jan\u00eb subjekt i saj. Ligji mbi t\u00eb gjith\u00eb pra, edhe mbi Albinin dhe Vet\u00ebvendosjen;<\/li>\n<li>Lufta kund\u00ebr korrupsionit \u00ebsht\u00eb luft\u00eb kund\u00ebr t\u00eb korruptuarve e jo luft\u00eb p\u00ebr nd\u00ebrrimin e xhepave t\u00eb t\u00eb korruptuarv;<\/li>\n<li>Nuk b\u00ebn dhe nuk guxon Kosova \u201ct\u00eb tuboj\u00eb e mbyll\u00eb para n\u00eb bugjet t\u00eb shtetit\u201d p\u00ebrderisa rritja e konsumit dhe nevojat p\u00ebr investime publike jan\u00eb si kurr\u00eb m\u00eb t\u00eb domosdoshme;<\/li>\n<li>Nuk b\u00ebn t\u00eb k\u00ebrkosh sh\u00ebrbim maksimal, lojalitet dhe profesionaliz\u00ebm nga policia dhe sh\u00ebrbyesit civil, e pagat e tyre t\u00eb jen\u00eb ende n\u00eb nivelin e vitit 2016;<\/li>\n<li>Nuk b\u00ebn t\u00eb mashtrosh njer\u00ebzit se kemi rritje ekonomike t\u00eb \u201cpapar\u00eb\u201d p\u00ebrderisa ajo \u00ebsht\u00eb vet\u00ebm 3%, kurse rritja e \u00e7mimeve dhe kostoja e jet\u00ebs \u00ebsht\u00eb pothuajse e pap\u00ebrballueshme;<\/li>\n<li>Nuk b\u00ebn t\u00eb krekosesh se kemi pamund\u00ebsuar nd\u00ebrtimin e Kosov\u00ebs, e brenda nj\u00eb viti t\u00eb rrit\u00ebsh dy her\u00eb \u00e7mimin e energjis\u00eb elektrike;<\/li>\n<li>Nuk b\u00ebn t\u00eb trajtosh bizneset si kriminel\u00eb potencial\u00eb por si partner\u00ebt m\u00eb t\u00eb mir\u00eb t\u00eb qeveris\u00eb. Sa m\u00eb mir\u00eb q\u00eb jan\u00eb afarist\u00ebt, aq m\u00eb shum\u00eb do t\u00eb investojn\u00eb dhe krijojn\u00eb vende t\u00eb reja pune;<\/li>\n<li>Nuk b\u00ebn t\u00eb mashtrosh popullin sepse mjegulla nj\u00eb dit\u00eb do t\u00eb largohet por pasojat p\u00ebr shum\u00eb koh\u00eb do t\u00eb mbesin.<\/li>\n<\/ul>\n<p>&nbsp;<\/p>\n<p>Kosov\u00ebs t\u2019i dalim zot!<\/p>\n","protected":false},"excerpt":{"rendered":"<p>Ramush Haradinaj \u00a0KOSOVA (1999-2020) E shkat\u00ebrruar t\u00ebr\u00ebsisht nga diskriminimi afatgjat\u00eb dhe lufta dy vje\u00e7are, Kosova p\u00ebrve\u00e7 liris\u00eb nuk kishte asgj\u00eb m\u00eb 12 qershor 1999. Rruga<\/p>\n","protected":false},"author":14,"featured_media":15713,"comment_status":"open","ping_status":"open","sticky":false,"template":"","format":"standard","meta":{"footnotes":""},"categories":[47,45],"tags":[],"class_list":["post-15712","post","type-post","status-publish","format-standard","has-post-thumbnail","hentry","category-opinione","category-rajoni"],"_links":{"self":[{"href":"https:\/\/indeks.bilten.mk\/index.php?rest_route=\/wp\/v2\/posts\/15712","targetHints":{"allow":["GET"]}}],"collection":[{"href":"https:\/\/indeks.bilten.mk\/index.php?rest_route=\/wp\/v2\/posts"}],"about":[{"href":"https:\/\/indeks.bilten.mk\/index.php?rest_route=\/wp\/v2\/types\/post"}],"author":[{"embeddable":true,"href":"https:\/\/indeks.bilten.mk\/index.php?rest_route=\/wp\/v2\/users\/14"}],"replies":[{"embeddable":true,"href":"https:\/\/indeks.bilten.mk\/index.php?rest_route=%2Fwp%2Fv2%2Fcomments&post=15712"}],"version-history":[{"count":0,"href":"https:\/\/indeks.bilten.mk\/index.php?rest_route=\/wp\/v2\/posts\/15712\/revisions"}],"wp:featuredmedia":[{"embeddable":true,"href":"https:\/\/indeks.bilten.mk\/index.php?rest_route=\/wp\/v2\/media\/15713"}],"wp:attachment":[{"href":"https:\/\/indeks.bilten.mk\/index.php?rest_route=%2Fwp%2Fv2%2Fmedia&parent=15712"}],"wp:term":[{"taxonomy":"category","embeddable":true,"href":"https:\/\/indeks.bilten.mk\/index.php?rest_route=%2Fwp%2Fv2%2Fcategories&post=15712"},{"taxonomy":"post_tag","embeddable":true,"href":"https:\/\/indeks.bilten.mk\/index.php?rest_route=%2Fwp%2Fv2%2Ftags&post=15712"}],"curies":[{"name":"wp","href":"https:\/\/api.w.org\/{rel}","templated":true}]}}