{"id":15715,"date":"2023-09-04T21:03:20","date_gmt":"2023-09-04T19:03:20","guid":{"rendered":"https:\/\/indeks.mk\/?p=15715"},"modified":"2023-09-04T21:03:20","modified_gmt":"2023-09-04T19:03:20","slug":"ash-vrapcisht-kasamit-jeshil-zaifi","status":"publish","type":"post","link":"https:\/\/indeks.bilten.mk\/?p=15715","title":{"rendered":"ASH Vrap\u00e7isht-Kasamit: Jeshil zaifi"},"content":{"rendered":"<p>Forumi Rinor i Aleanc\u00ebs p\u00ebr Shqiptar\u00ebt -Dega n\u00eb Vrap\u00e7isht ka vijuar ironin\u00eb ndaj deklaratave t\u00eb kryetarit t\u00eb Tetov\u00ebs, Bilall Kasami.<\/p>\n<p>Kreu i Vrap\u00e7ishtit, Isen Shabani dje e quajti Kasamin \u201cjeshil politik\u201d, t\u00eb papjekur p\u00ebr politik\u00eb dhe moralist t\u00eb rrejsh\u00ebm q\u00eb flet p\u00ebr vlera politike, teksa sot n\u00eb nj\u00eb reagim t\u00eb ri k\u00ebsaj her\u00eb nga FRASH, Kasami \u00ebsht\u00eb etiketuar si Jeshil Zaifi, i cili ka harruar t\u00eb kaluar\u00ebn teksa krekoset se pun\u00ebt dhe investimet e t\u00eb tjer\u00ebve.<\/p>\n<p>Statusi i plot\u00eb:<\/p>\n<p>Jeshil-zaifi q\u00eb matet me hijen e sabahit, her\u00eb flet e her\u00eb p\u00ebllet. Dje i b\u00ebri pun\u00ebt p\u00ebrshesh me &#8220;pobratimin&#8221;, sot k\u00ebrkon derma nga jasht\u00eb! I mjeri harron se vot\u00ebn ta jep\u00eb sovrani!<\/p>\n<p>Heshil-zaifi vazhdon t\u00eb krekoset si gjel duke p\u00ebruruar projekte t\u00eb ideuara e financuara nga t\u00eb tjer\u00ebt! Haram i qoft\u00eb!<\/p>\n<ul>\n<li><a href=\"https:\/\/www.facebook.com\/frash.degavrapcisht.5?__cft__%5b0%5d=AZV4MpTY2Sy2WMcppfJp5_dT3QdTRAFFZJONRfsnERtiwIQEiaPiB58fbtxcue1UojCsX_QFBMnGLBJ4lcjIxVlUC1qvMw6XEMyTG60ktfYfSslJmj0kLPkHP7g365dlReU&amp;__tn__=-%5dK-R\">Frash Dega Vrap\u00e7isht<\/a><\/li>\n<\/ul>\n<p>&nbsp;<\/p>\n<p>&nbsp;<\/p>\n<p>&nbsp;<iframe loading=\"lazy\" src=\"https:\/\/www.facebook.com\/plugins\/post.php?href=https%3A%2F%2Fwww.facebook.com%2Ffrash.degavrapcisht.5%2Fposts%2Fpfbid02yWcH3B3LmkFJ4s1yjXU3v2eDeDgWBUasQpbfvkkfZZDm75DnwScg6r9uSBqpqVFzl&#038;show_text=true&#038;width=500\" width=\"500\" height=\"251\" style=\"border:none;overflow:hidden\" scrolling=\"no\" frameborder=\"0\" allowfullscreen=\"true\" allow=\"autoplay; clipboard-write; encrypted-media; picture-in-picture; web-share\"><\/iframe><\/p>\n","protected":false},"excerpt":{"rendered":"<p>Forumi Rinor i Aleanc\u00ebs p\u00ebr Shqiptar\u00ebt -Dega n\u00eb Vrap\u00e7isht ka vijuar ironin\u00eb ndaj deklaratave t\u00eb kryetarit t\u00eb Tetov\u00ebs, Bilall Kasami. Kreu i Vrap\u00e7ishtit, Isen Shabani<\/p>\n","protected":false},"author":14,"featured_media":15716,"comment_status":"open","ping_status":"open","sticky":false,"template":"","format":"standard","meta":{"footnotes":""},"categories":[44],"tags":[],"class_list":["post-15715","post","type-post","status-publish","format-standard","has-post-thumbnail","hentry","category-maqedoni"],"_links":{"self":[{"href":"https:\/\/indeks.bilten.mk\/index.php?rest_route=\/wp\/v2\/posts\/15715","targetHints":{"allow":["GET"]}}],"collection":[{"href":"https:\/\/indeks.bilten.mk\/index.php?rest_route=\/wp\/v2\/posts"}],"about":[{"href":"https:\/\/indeks.bilten.mk\/index.php?rest_route=\/wp\/v2\/types\/post"}],"author":[{"embeddable":true,"href":"https:\/\/indeks.bilten.mk\/index.php?rest_route=\/wp\/v2\/users\/14"}],"replies":[{"embeddable":true,"href":"https:\/\/indeks.bilten.mk\/index.php?rest_route=%2Fwp%2Fv2%2Fcomments&post=15715"}],"version-history":[{"count":0,"href":"https:\/\/indeks.bilten.mk\/index.php?rest_route=\/wp\/v2\/posts\/15715\/revisions"}],"wp:featuredmedia":[{"embeddable":true,"href":"https:\/\/indeks.bilten.mk\/index.php?rest_route=\/wp\/v2\/media\/15716"}],"wp:attachment":[{"href":"https:\/\/indeks.bilten.mk\/index.php?rest_route=%2Fwp%2Fv2%2Fmedia&parent=15715"}],"wp:term":[{"taxonomy":"category","embeddable":true,"href":"https:\/\/indeks.bilten.mk\/index.php?rest_route=%2Fwp%2Fv2%2Fcategories&post=15715"},{"taxonomy":"post_tag","embeddable":true,"href":"https:\/\/indeks.bilten.mk\/index.php?rest_route=%2Fwp%2Fv2%2Ftags&post=15715"}],"curies":[{"name":"wp","href":"https:\/\/api.w.org\/{rel}","templated":true}]}}