{"id":15722,"date":"2023-09-05T08:50:18","date_gmt":"2023-09-05T06:50:18","guid":{"rendered":"https:\/\/indeks.mk\/?p=15722"},"modified":"2023-09-05T08:50:18","modified_gmt":"2023-09-05T06:50:18","slug":"ministri-kosovar-merr-veturen-luksoze-range-rover-qe-iu-sekuestrua-burdushit","status":"publish","type":"post","link":"https:\/\/indeks.bilten.mk\/?p=15722","title":{"rendered":"Ministri kosovar merr vetur\u00ebn luksoze &#8220;Range Rover&#8221; q\u00eb iu sekuestrua Burdushit"},"content":{"rendered":"<p>Tri vetura iu konfiskuan nga shteti.<\/p>\n<p>Nj\u00eb xhip Range Rover, nj\u00eb Renault Megane RFB dhe nj\u00eb Audi A7 jan\u00eb veturat luksoze q\u00eb shteti ia mori mjekut popullor, Hysri Peqanit \u2013 Burdushit.<\/p>\n<p>Vetura e tipit LAND Range Rover e konfiskuara nga Agjencia p\u00ebr Administrimin e Pasuris\u00eb s\u00eb Sekuestruar ose t\u00eb Konfiskuar po shfryt\u00ebzohet nga ministri i Pun\u00ebve t\u00eb Brendshme, Xhelal Sve\u00e7la dhe ministria e tij p\u00ebr nevojat e tyre.<\/p>\n<p>Nga Ministria e Pun\u00ebve t\u00eb Brendshme (MPB) kan\u00eb konfirmuar se e kan\u00eb n\u00eb shfryt\u00ebzim vetur\u00ebn e lartp\u00ebrmendur dhe se ajo po p\u00ebrdoret p\u00ebr nevojat e Ministris\u00eb.<\/p>\n<p>Ata n\u00eb nj\u00eb p\u00ebrgjigje p\u00ebr Front Online kan\u00eb treguar se kan\u00eb munges\u00eb t\u00eb veturave dhe kan\u00eb b\u00ebr\u00eb k\u00ebrkes\u00eb n\u00eb Agjencin\u00eb p\u00ebr Administrimin e Pasuris\u00eb s\u00eb Sekuestruar ose t\u00eb Konfiskuar p\u00ebr dy vetura, por k\u00ebrkesa \u00ebsht\u00eb aprovuar p\u00ebr vet\u00ebm nj\u00eb vetur\u00eb.<\/p>\n<p>\u201cMPB p\u00ebr shkak t\u00eb munges\u00ebs s\u00eb veturave, ka k\u00ebrku nga Agjencia dy vetura dhe k\u00ebrkesa jon\u00eb \u00ebsht\u00eb aprovuar p\u00ebr nj\u00eb vetur\u00eb q\u00eb tashm\u00eb \u00ebsht\u00eb n\u00eb p\u00ebrdorim nga Ministria, sipas dispozitave t\u00eb parapara ligjore\u201d, thuhet n\u00eb p\u00ebrgjigje<\/p>\n<p>Nga kjo Ministri thon\u00eb se n\u00eb t\u00eb nj\u00ebjt\u00ebn form\u00eb edhe veturat e tjera t\u00eb konfiskuara u jepen institucioneve t\u00eb ndryshme t\u00eb shtetit.<\/p>\n<p>\u201cMallrat t\u00eb cilat sekuestrohen nga Agjencia p\u00ebr Administrimin e Pasuris\u00eb s\u00eb Sekuestruar dhe t\u00eb Konfiskuar t\u00eb p\u00ebrfituara nga veprat t\u00eb ndryshme penale, krimit t\u00eb organizuar, kontraband\u00ebs etj, pas sekuestrimit u jepen n\u00eb shfryt\u00ebzim institucioneve t\u00eb ndryshme, sipas nevoj\u00ebs dhe k\u00ebrkes\u00ebs s\u00eb institucionit. N\u00eb t\u00eb nj\u00ebjt\u00ebn form\u00eb edhe shumica e veturave t\u00eb cilat jan\u00eb sekuestruar u jepen p\u00ebr p\u00ebrdorim Policis\u00eb s\u00eb Kosov\u00ebs, Ministrive si dhe institucioneve t\u00eb ndryshme, var\u00ebsisht nga k\u00ebrkesat dhe nevojat\u201d, thuhet m\u00eb tej n\u00eb p\u00ebrgjigjen e MPB-s\u00eb<\/p>\n<p>P\u00ebrgjigje nuk kan\u00eb kthyer  nga Agjencia p\u00ebr Administrimin e Pasuris\u00eb s\u00eb Sekuestruar dhe t\u00eb Konfiskuar anipse k\u00ebta t\u00eb fundit p\u00ebrmes nj\u00eb e-maili k\u00ebrkuan q\u00eb pyetjet t\u2019ua adresojm\u00eb n\u00ebp\u00ebrmjet zyr\u00ebs p\u00ebr komunikim n\u00eb Ministrin\u00eb e Drejt\u00ebsis\u00eb.<\/p>\n<p>Front Online ka tentuar t\u00eb flas edhe me Hysri Peqanin \u2013Burdushin, por ai nuk i \u00ebsht\u00eb p\u00ebrgjigjur thirrjeve telefonike e as mesazheve.<\/p>\n<p>Sipas ligjeve aktuale, konfiskimi i pasuris\u00eb n\u00ebnkupton marrjen e p\u00ebrhershme t\u00eb pasuris\u00eb q\u00eb \u00ebsht\u00eb fituar n\u00eb m\u00ebnyr\u00eb t\u00eb kund\u00ebrligjshme, sipas urdhrit t\u00eb form\u00ebs s\u00eb prer\u00eb nga gjykata kompetente apo organi tjet\u00ebr kompetent, kurse sekuestrimi n\u00ebnkupton marrjen e pasuris\u00eb nga organi kompetent deri n\u00eb vendimin e prer\u00eb t\u00eb gjykat\u00ebs.<\/p>\n<p>N\u00eb Kosov\u00eb q\u00eb nga viti 2018, ekziston Ligji p\u00ebr kompetencat e zgjeruara p\u00ebr t\u00eb konfiskimit t\u00eb pasuris\u00eb s\u00eb fituar me vep\u00ebr penale.<\/p>\n<p>Sipas k\u00ebtij ligjit, prokurori duhet t\u00eb d\u00ebshmoj\u00eb se pasuria e listuar p\u00ebr verifikim \u00ebsht\u00eb pasuri e t\u00eb pandehurit, nd\u00ebrsa i pandehuri duhet t\u00eb d\u00ebshmoj\u00eb se at\u00eb pasuri e ka p\u00ebrfituar me burime t\u00eb ligjshme, p\u00ebr t\u00eb cilat duhet t\u00eb ofroj\u00eb prova, n\u00eb t\u00eb kund\u00ebrt\u00ebn, ajo konfiskohet nga gjykata.<\/p>\n","protected":false},"excerpt":{"rendered":"<p>Tri vetura iu konfiskuan nga shteti. Nj\u00eb xhip Range Rover, nj\u00eb Renault Megane RFB dhe nj\u00eb Audi A7 jan\u00eb veturat luksoze q\u00eb shteti ia mori<\/p>\n","protected":false},"author":14,"featured_media":0,"comment_status":"open","ping_status":"open","sticky":false,"template":"","format":"standard","meta":{"footnotes":""},"categories":[45],"tags":[],"class_list":["post-15722","post","type-post","status-publish","format-standard","hentry","category-rajoni"],"_links":{"self":[{"href":"https:\/\/indeks.bilten.mk\/index.php?rest_route=\/wp\/v2\/posts\/15722","targetHints":{"allow":["GET"]}}],"collection":[{"href":"https:\/\/indeks.bilten.mk\/index.php?rest_route=\/wp\/v2\/posts"}],"about":[{"href":"https:\/\/indeks.bilten.mk\/index.php?rest_route=\/wp\/v2\/types\/post"}],"author":[{"embeddable":true,"href":"https:\/\/indeks.bilten.mk\/index.php?rest_route=\/wp\/v2\/users\/14"}],"replies":[{"embeddable":true,"href":"https:\/\/indeks.bilten.mk\/index.php?rest_route=%2Fwp%2Fv2%2Fcomments&post=15722"}],"version-history":[{"count":0,"href":"https:\/\/indeks.bilten.mk\/index.php?rest_route=\/wp\/v2\/posts\/15722\/revisions"}],"wp:attachment":[{"href":"https:\/\/indeks.bilten.mk\/index.php?rest_route=%2Fwp%2Fv2%2Fmedia&parent=15722"}],"wp:term":[{"taxonomy":"category","embeddable":true,"href":"https:\/\/indeks.bilten.mk\/index.php?rest_route=%2Fwp%2Fv2%2Fcategories&post=15722"},{"taxonomy":"post_tag","embeddable":true,"href":"https:\/\/indeks.bilten.mk\/index.php?rest_route=%2Fwp%2Fv2%2Ftags&post=15722"}],"curies":[{"name":"wp","href":"https:\/\/api.w.org\/{rel}","templated":true}]}}